{"id":85,"date":"2020-01-15T15:13:44","date_gmt":"2020-01-15T14:13:44","guid":{"rendered":"http:\/\/idas.noblogs.org\/?p=85"},"modified":"2020-01-15T15:17:13","modified_gmt":"2020-01-15T14:17:13","slug":"aufbruch-deutschland-alte-bekannte-in-poggenburgs-neuer-initiative","status":"publish","type":"post","link":"https:\/\/idas.noblogs.org\/?p=85","title":{"rendered":"&#8222;Aufbruch Deutschland&#8220;: Alte Bekannte in Poggenburgs neuer Initiative"},"content":{"rendered":"<p>Der ehemalige AfD-Funktion\u00e4r Andr\u00e9 Poggenburg hat die Gr\u00fcndung einer neuen Initiative angek\u00fcndigt. Unter dem Namen \u201eAufbruch Deutschland 2020\u201c will der ehemalige AfD-Landes- und Fraktionschef in Sachsen-Anhalt eine bundesweite Interessengemeinschaft aufbauen. Beteiligt sind auch Schl\u00fcsselfiguren der extremen Rechten in Sachsen.<!--more--><\/p>\n<p align=\"center\"><span style=\"color: #3366ff\">\u2193<\/span><\/p>\n<p>Viel ist zu Poggenburgs neuem Projekt, \u00fcber das <a href=\"https:\/\/www.endstation-rechts.de\/news\/ex-afd-politiker-poggenburg-ein-verein-soll-es-richten.html\">zuerst &#8222;Endstation rechts&#8220; berichtete<\/a>, noch nicht bekannt. Am vergangenen Wochenende machte der 44-J\u00e4hrige, der dem sachsen-anhaltischen Landtag als fraktionsloses Mitglied angeh\u00f6rt, seine Pl\u00e4ne \u00f6ffentlich, sprach von einer &#8222;patriotischen APO&#8220;. Dar\u00fcber informierte er beim Neujahrsempfang des &#8222;Aufbruch Leverkusen&#8220;, einer \u00f6rtlichen Ratsgruppe, die aus der aufgel\u00f6sten Rechtsau\u00dfen-Partei &#8222;Pro NRW&#8220; hervorgegangen ist.<\/p>\n<p>Poggenburg schwebt offenbar eine Dachorganisation und Sammlungsbewegung f\u00fcr derartige Gruppierungen vor. Dabei soll es sich nicht um eine Partei, sondern um einen \u00fcberparteilichen Verein handeln \u2013 mit dem Ziel, trotzdem \u201eWahlantritte auf kommunaler Ebene\u201c zu erm\u00f6glichen. Ein \u00e4hnliches Vorgehen war bereits mit dem Vorg\u00e4ngerprojekt verfolgt worden: Auf seine Entmachtung innerhalb der AfD hatte der einst ma\u00dfgebliche &#8222;Fl\u00fcgel&#8220;-Vertreter und H\u00f6cke-Anh\u00e4nger Anfang 2019 reagiert mit der Gr\u00fcndung des &#8222;Aufbruch deutscher Patrioten Mitteldeutschland&#8220;, kurz AdPM. Die kurzlebige Splitterpartei wollte sich auf politische Initiativen st\u00fctzen, die nicht in der AfD aufgegangen sind oder, wie Poggenburg selbst, wieder ausgesto\u00dfen wurden.<\/p>\n<p>Doch gro\u00dfen Anklang fand die Idee nicht. Der AdPM machte mit einigen Kundgebungen in Leipzig von sich reden, trat au\u00dferdem zur Landtagswahl in Sachsen an. Ein Kraftakt, den Poggenburg nicht stemmen konnte. \u00dcberraschend selbst f\u00fcr seine wenigen verbliebenen Gefolgsleute zog er sich kurz vor dem Wahltermin zur\u00fcck und hinterlie\u00df eine Parteien-Leiche, die lediglich 0,2 Prozent der Zweitstimmen einfuhr. Ob dem &#8222;Aufbruch Deutschland&#8220; mehr Erfolg beschieden sein wird, ist ungewiss. Sitz der Initiative ist Poggenburgs Privatanschrift in St\u00f6\u00dfen nahe Naumburg. Eine k\u00fcrzlich freigeschaltete Website bittet um Geduld, das Logo der Initiative erinnert an die erfolglosen AdPM-Zeiten.<\/p>\n<p>Als Unterst\u00fctzer zu erkennen geben sich bereits zwei bekannte Gesichter aus Sachsen. Zum einen ist das Alexander Kurth. Der Leipziger Neonazi war in den vergangenen Jahren nacheinander bei der NPD, der Partei &#8222;Die Rechte&#8220; sowie bei den &#8222;Republikanern&#8220; aktiv. Zum anderen ist das Egbert Ermer. Er war Schatzmeister des AfD-Kreisverbandes im Landkeis S\u00e4chsische Schweiz-Osterzgebirge, bis Vorw\u00fcrfe laut wurden, er habe in die Kasse des Kreisverbandes gegriffen.<\/p>\n<p>Neben Kurth und Ermer geh\u00f6rte zu Poggenburgs Entourage in j\u00fcngster Zeit auch die Leipzigerin Uta N\u00fcrnberger. Sie scheiterte 2014 als Stadtratskandidatin f\u00fcr die AfD. Verfassungsschutz-Beh\u00f6rden betiteln sie heute als eine der &#8222;\u00fcberregional vernetzten Akteure der rechtsextremistischen Szene&#8220;. Auf Nachfrage wurde seitens der AfD wiederholt behauptet, N\u00fcrnberger sei l\u00e4ngst kein AfD-Mitglied mehr. In Wirklichkeit hatte sich die Lehrerin im vergangenen Jahr sogar noch erfolgreich um einen Listenplatz zur Landtagswahl beworben, landete auf Platz 40 \u2013 nahm die Wahl aber nicht an. Stattdessen kandidierte sie f\u00fcr Poggenburgs AdPM. Dennoch war N\u00fcrnberger nach <i>idas<\/i>-Informationen bis zuletzt eine der offiziellen Delegierten des AfD-Kreisverbandes Leipzig, die bei Landesparteitagen stimmberechtigt sind.<\/p>\n<p>Gut m\u00f6glich, dass auch sie den &#8222;Aufbruch Deutschland&#8220; unterst\u00fctzen wird. An den Erfolgsaussichten wird das wenig \u00e4ndern. Bisher scheiterten schlie\u00dflich alle Abspaltungen aus der AfD, die eine &#8222;Alternative zur Alternative&#8220; bieten wollten. So ist zur Landtagswahl in Sachsen auch Frauke Petrys &#8222;Blaue Partei&#8220; angetreten. Landesweit erhielt sie nur 0,4 Prozent der Zweitstimmen. Als einigerma\u00dfen prominente Direktkandidatin im Raum Pirna erlangte die einzige AfD-Bundes- und Landeschefin lediglich rund 800 Stimmen. Dann zog sie die Rei\u00dfleine: Ende 2019 l\u00f6ste sich die &#8222;Blaue Partei&#8220; auf.<\/p>\n","protected":false},"excerpt":{"rendered":"<p>Der ehemalige AfD-Funktion\u00e4r Andr\u00e9 Poggenburg hat die Gr\u00fcndung einer neuen Initiative angek\u00fcndigt. Unter dem Namen \u201eAufbruch Deutschland 2020\u201c will der ehemalige AfD-Landes- und Fraktionschef in Sachsen-Anhalt eine bundesweite Interessengemeinschaft aufbauen. Beteiligt sind auch Schl\u00fcsselfiguren der extremen Rechten in Sachsen.<\/p>\n","protected":false},"author":14643,"featured_media":0,"comment_status":"closed","ping_status":"closed","sticky":false,"template":"","format":"standard","meta":{"footnotes":""},"categories":[1],"tags":[],"class_list":["post-85","post","type-post","status-publish","format-standard","hentry","category-aktuelles"],"_links":{"self":[{"href":"https:\/\/idas.noblogs.org\/index.php?rest_route=\/wp\/v2\/posts\/85","targetHints":{"allow":["GET"]}}],"collection":[{"href":"https:\/\/idas.noblogs.org\/index.php?rest_route=\/wp\/v2\/posts"}],"about":[{"href":"https:\/\/idas.noblogs.org\/index.php?rest_route=\/wp\/v2\/types\/post"}],"author":[{"embeddable":true,"href":"https:\/\/idas.noblogs.org\/index.php?rest_route=\/wp\/v2\/users\/14643"}],"replies":[{"embeddable":true,"href":"https:\/\/idas.noblogs.org\/index.php?rest_route=%2Fwp%2Fv2%2Fcomments&post=85"}],"version-history":[{"count":18,"href":"https:\/\/idas.noblogs.org\/index.php?rest_route=\/wp\/v2\/posts\/85\/revisions"}],"predecessor-version":[{"id":103,"href":"https:\/\/idas.noblogs.org\/index.php?rest_route=\/wp\/v2\/posts\/85\/revisions\/103"}],"wp:attachment":[{"href":"https:\/\/idas.noblogs.org\/index.php?rest_route=%2Fwp%2Fv2%2Fmedia&parent=85"}],"wp:term":[{"taxonomy":"category","embeddable":true,"href":"https:\/\/idas.noblogs.org\/index.php?rest_route=%2Fwp%2Fv2%2Fcategories&post=85"},{"taxonomy":"post_tag","embeddable":true,"href":"https:\/\/idas.noblogs.org\/index.php?rest_route=%2Fwp%2Fv2%2Ftags&post=85"}],"curies":[{"name":"wp","href":"https:\/\/api.w.org\/{rel}","templated":true}]}}