{"id":4750,"date":"2021-01-28T13:30:50","date_gmt":"2021-01-28T12:30:50","guid":{"rendered":"http:\/\/idas.noblogs.org\/?p=4750"},"modified":"2021-01-28T13:30:50","modified_gmt":"2021-01-28T12:30:50","slug":"afd-goenner-gaben-neonazis-unterschlupf","status":"publish","type":"post","link":"https:\/\/idas.noblogs.org\/?p=4750","title":{"rendered":"AfD-G\u00f6nner gaben Neonazis Unterschlupf"},"content":{"rendered":"<p><img loading=\"lazy\" decoding=\"async\" src=\"https:\/\/idas.noblogs.org\/files\/2021\/01\/hartmut_pfau.jpg\" alt=\"\" width=\"200\" height=\"220\" class=\"alignright size-full wp-image-4749\" srcset=\"https:\/\/idas.noblogs.org\/files\/2021\/01\/hartmut_pfau.jpg 200w, https:\/\/idas.noblogs.org\/files\/2021\/01\/hartmut_pfau-136x150.jpg 136w\" sizes=\"auto, (max-width: 200px) 100vw, 200px\" \/><span style=\"background-color:#fcffc4\">&nbsp;<i>Exklusiv<\/i>&nbsp;<\/span>\u2502 Ein geplanter Immobiliendeal im Landkreis Zwickau sorgt f\u00fcr Aufsehen: Hartmut Pfau und Karsten Pfau, Kommunalpolitiker und Gro\u00dfspender der AfD, wollen f\u00fcr eine halbe Million Euro ein ehemaliges Ausflugslokal kaufen \u2013 es k\u00f6nnte der Partei in die H\u00e4nde fallen. Jetzt kommt raus: Auf einem Grundst\u00fcck des Unternehmens der beiden Br\u00fcder trafen sich jahrelang ber\u00fcchtigte Chemnitzer Neonazis.<!--more--><\/p>\n<hr \/>\n<p><small>Beitrag vom 28.01.2021, 13:30 Uhr \u2502 Im Bild: Hartmut Pfau, AfD-Fraktionschef in Hohenstein-Ernstthal.<\/small><\/p>\n<hr \/>\n<p align=\"center\"><span style=\"color: #1e73be\">\u2193<\/span><\/p>\n<h3><span style=\"color: #1e73be\">Spur zu militanten Neonazis<\/span><\/h3>\n<p>Die beiden AfD-Kommunalpolitiker Hartmut Pfau und Karsten Pfau aus Hohenstein-Ernstthal (Landkreis Zwickau) waren in der Vergangenheit mit der extrem rechten Szene offenbar enger verkn\u00fcpft als bisher bekannt. Die <i>Freie Presse<\/i> hatte k\u00fcrzlich berichtet, dass die Br\u00fcder, die f\u00fcr ihre Partei im Stadtrat und im Kreistag sitzen, ein derzeit ungenutztes Ausflugslokal erwerben wollen, das traditionsreiche Berggasthaus. <a href=\"https:\/\/idas.noblogs.org\/?p=4719\">Aufgerufen wird ein Kaufpreis in H\u00f6he von 500.000 Euro.<\/a><\/p>\n<p>Nicht abwegig sind aktuelle Bef\u00fcrchtungen im Ort, das Objekt k\u00f6nnte in die H\u00e4nde der AfD gelangen, denn die sucht derzeit tats\u00e4chlich nach verschiedenen Immobilien, bundesweit. Hinzu kommt: Die Pfaus sind bekannt als Gro\u00dfspender der Partei, 2017 \u00fcberwiesen sie ihr 10.415 Euro, wie sich aus dem Rechenschaftsbericht der AfD ergibt. Diese Summe kam von einer Firma, der in Chemnitz ans\u00e4ssigen LST Luft-, Sanit\u00e4r-, Klimatechnik GmbH. Die beiden heutigen Politiker sind seit langem die Gesch\u00e4ftsf\u00fchrer des Unternehmens. <\/p>\n<p>Offenbar war die Zuwendung an die AfD nicht die erste Gelegenheit, bei der \u00fcber diese Firma das extrem rechte Spektrum gep\u00e4ppelt wird, wie <i>idas<\/i>-Recherchen zeigen. Eine neue Spur f\u00fchrt geradewegs in die militante Neonaziszene, zu den Nationalen Sozialisten Chemnitz (NSC). Im M\u00e4rz 2014 wurde diese sogenannte Kameradschaft verboten. Mehrere ihrer einst f\u00fchrenden Mitglieder werden dem Umfeld des rechtsterroristischen &#8222;Nationalsozialistischen Untergrunds&#8220; (NSU) zugerechnet, der zun\u00e4chst in Chemnitz untergetaucht war und dort mehrere \u00dcberf\u00e4lle begangen hat.<\/p>\n<h3><span style=\"color: #1e73be\">Pfau-Firma als Eigent\u00fcmer<\/span><\/h3>\n<p>Seit sp\u00e4testens 2007 hatten die NSC-Mitglieder einen festen Treffpunkt in Chemnitz, ein Gewerbeobjekt im Stadtteil Altchemnitz, die Stra\u00dfburger Stra\u00dfe 32. Der Gruppe geh\u00f6rte dieses Objekt nicht, mit Wohnsitz gemeldet war dort niemand, man war zu Gast \u2013 und zwar bei der Firma LST. Denn seit Ende der Neunzigerjahre war das Unternehmen von Hartmut Pfau und Karsten Pfau, das seinen Sitz in direkter Nachbarschaft hat, offizieller Eigent\u00fcmer des Areals und vermietete R\u00e4ume an andere Firmen weiter.<\/p>\n<p>Doch auch Neonazis f\u00fchrten vor Ort interne Treffen durch, luden Gleichgesinnte dorthin zu Vortr\u00e4gen und regelrechten Schulungen ein, lange ungest\u00f6rt. Diese Nutzung ist eindeutig belegt, in der Verbotsverf\u00fcgung des s\u00e4chsischen Innenministeriums wurde der ehemalige NSC-Szenetreffpunkt in der Stra\u00dfburger Stra\u00dfe sogar erw\u00e4hnt.<\/p>\n<p>Sp\u00e4testens 2011 zog die Gruppe dort wieder aus. Doch offenbar nicht, weil die Eigent\u00fcmer interveniert h\u00e4tten \u2013 sondern nachdem im Sommer 2010 die Polizei anger\u00fcckt war. Sie durchsuchte die NSC-R\u00e4ume im Zuge von Ermittlungen wegen des Verdachts der Volksverhetzung und des \u00f6ffentlichen Billigens von Straftaten. Grund war ein einschl\u00e4giges Flugblatt, Aufschrift: &#8222;Jagt das Pack! Vertreibt die Hunde!&#8220;<\/p>\n<h3><span style=\"color: #1e73be\">Gruppe steht auf Unvereinbarkeitsliste<\/span><\/h3>\n<p>Die Neonazis konnten danach einen neuen Treffpunkt in einem anderen Stadtteil erschlie\u00dfen, die Aktivit\u00e4ten fast nahtlos fortsetzen. Dazu geh\u00f6rte die &#8222;Verbreitung der nationalsozialistischen Ideologie&#8220; mit dem Ziel der &#8222;Wiedererrichtung eines Staates, der im Wesen dem historischen Nationalsozialismus entspricht&#8220;, wie es im Verbotsbescheid hei\u00dft.<\/p>\n<p>Zudem waren die Nationalen Sozialisten Chemnitz &#8222;eine Adresse an die man sich wendet, wenn es um Gewalt gegen Ausl\u00e4nder oder um eine Auseinandersetzung mit anderen politischen Gegnern geht.&#8220; Darauf bereiteten sich Mitglieder gezielt vor, durch Kampfsporttraining und Schie\u00df\u00fcbungen mit scharfen Waffen.<\/p>\n<p>Bei der AfD kennt man die NSC \u00fcbrigens \u2013 die Partei hat die Neonazi-Vereinigung auf ihre offizielle Unvereinbarkeitsliste gesetzt. &#8222;In der AfD gibt es keine Rechtsextremisten&#8220;, behauptete der Landesvorsitzende J\u00f6rg Urban erst vor wenigen Tagen.<\/p>\n","protected":false},"excerpt":{"rendered":"<p>&nbsp;Exklusiv&nbsp;\u2502 Ein geplanter Immobiliendeal im Landkreis Zwickau sorgt f\u00fcr Aufsehen: Hartmut Pfau und Karsten Pfau, Kommunalpolitiker und Gro\u00dfspender der AfD, wollen f\u00fcr eine halbe Million Euro ein ehemaliges Ausflugslokal kaufen \u2013 es k\u00f6nnte der Partei in die H\u00e4nde fallen. Jetzt kommt raus: Auf einem Grundst\u00fcck des Unternehmens der beiden Br\u00fcder trafen sich jahrelang ber\u00fcchtigte Chemnitzer &hellip; <a href=\"https:\/\/idas.noblogs.org\/?p=4750\" class=\"more-link\"><span class=\"screen-reader-text\">AfD-G\u00f6nner gaben Neonazis Unterschlupf<\/span> weiterlesen<\/a><\/p>\n","protected":false},"author":14643,"featured_media":0,"comment_status":"closed","ping_status":"closed","sticky":false,"template":"","format":"standard","meta":{"footnotes":""},"categories":[1],"tags":[],"class_list":["post-4750","post","type-post","status-publish","format-standard","hentry","category-aktuelles"],"_links":{"self":[{"href":"https:\/\/idas.noblogs.org\/index.php?rest_route=\/wp\/v2\/posts\/4750","targetHints":{"allow":["GET"]}}],"collection":[{"href":"https:\/\/idas.noblogs.org\/index.php?rest_route=\/wp\/v2\/posts"}],"about":[{"href":"https:\/\/idas.noblogs.org\/index.php?rest_route=\/wp\/v2\/types\/post"}],"author":[{"embeddable":true,"href":"https:\/\/idas.noblogs.org\/index.php?rest_route=\/wp\/v2\/users\/14643"}],"replies":[{"embeddable":true,"href":"https:\/\/idas.noblogs.org\/index.php?rest_route=%2Fwp%2Fv2%2Fcomments&post=4750"}],"version-history":[{"count":5,"href":"https:\/\/idas.noblogs.org\/index.php?rest_route=\/wp\/v2\/posts\/4750\/revisions"}],"predecessor-version":[{"id":4755,"href":"https:\/\/idas.noblogs.org\/index.php?rest_route=\/wp\/v2\/posts\/4750\/revisions\/4755"}],"wp:attachment":[{"href":"https:\/\/idas.noblogs.org\/index.php?rest_route=%2Fwp%2Fv2%2Fmedia&parent=4750"}],"wp:term":[{"taxonomy":"category","embeddable":true,"href":"https:\/\/idas.noblogs.org\/index.php?rest_route=%2Fwp%2Fv2%2Fcategories&post=4750"},{"taxonomy":"post_tag","embeddable":true,"href":"https:\/\/idas.noblogs.org\/index.php?rest_route=%2Fwp%2Fv2%2Ftags&post=4750"}],"curies":[{"name":"wp","href":"https:\/\/api.w.org\/{rel}","templated":true}]}}