{"id":470,"date":"2020-02-15T12:53:39","date_gmt":"2020-02-15T11:53:39","guid":{"rendered":"http:\/\/idas.noblogs.org\/?p=470"},"modified":"2020-12-08T18:45:05","modified_gmt":"2020-12-08T17:45:05","slug":"ramelow-kommt-aus-einer-illuminaten-familie","status":"publish","type":"post","link":"https:\/\/idas.noblogs.org\/?p=470","title":{"rendered":"&#8222;Ramelow kommt aus einer Illuminaten-Familie&#8220;"},"content":{"rendered":"<p>Was steckt hinter der umstrittenen Ministerpr\u00e4sidenten-Wahl in Th\u00fcringen? Der AfD-Verband im Landkreis Leipzig, in dem auch das Landtagsmitglied J\u00f6rg Dornau aktiv ist, liefert so etwas wie eine Erkl\u00e4rung \u2013 mit einem widerlichen Videobeitrag, der eine Weltverschw\u00f6rung konstruiert und vor Antisemitismus strotzt.<!--more--><\/p>\n<p align=\"center\"><span style=\"color: #1e73be\">\u2193<\/span><\/p>\n<p>Das Th\u00fcringen-Beben, es besch\u00e4ftigt auch die AfD. Mit ihren Stimmen und denen der CDU war der FDP-Politiker Thomas Kemmerich \u00fcberraschend zum th\u00fcringischen Ministerpr\u00e4sidenten gew\u00e4hlt worden. Ein Schachzug der H\u00f6cke-Truppe, mit dem man gerne protzt um zu zeigen, wie m\u00e4chtig die Partei inzwischen ist. Ein Schachzug mit Kehrseiten allerdings, denn Kemmerich hat sich nicht gehalten. Und die Bundespolitik diskutiert jetzt, wie es gelingen kann, sich st\u00e4rker als bisher von der AfD abzugrenzen und deren Einfluss abzuschn\u00fcren.<\/p>\n<h3><span style=\"color: #1e73be\">Angebliche &#8222;Logenverbindungen&#8220;<\/span><\/h3>\n<p>Darauf geht ein Beitrag ein, der am vergangenen Dienstag auf der Facebook-Seite des AfD-Kreisverbandes im Landkreis Leipzig erschienen ist. &#8222;Zeit zum Aufwachen!&#8220;, hei\u00dft es lapidar. Verlinkt ist ein Video bei Youtube, aufgenommen von Oliver Janich. Der Publizist machte sich mit vermeintlichen Enth\u00fcllungen zum 11. September 2001 einen Namen in der Truther-Szene und gr\u00fcndete vor gut zehn Jahren die &#8222;Partei der Vernunft&#8220;, zu deren Wahl der Querfront-Autor J\u00fcrgen Els\u00e4sser augerufen hat, bevor die AfD auf der Bildfl\u00e4che erschienen ist. Heute ist Janich mit rund 100.000 Abonnent*innen einer der erfolgreichsten rechten Youtuber im deutschsprachigen Raum.<\/p>\n<p>Seine Reichweite nutzt er unter anderem, um zur Wahl der AfD aufzurufen. Und offenbar auch, um Antisemitismus unter die Leute zu bringen. Das gilt insbesondere f\u00fcr eines seiner neuesten Videos, das die AfD nun v\u00f6llig undistanziert verbreiten hilft. Es hei\u00dft &#8222;Bodo Ramelow: Die Illuminaten-Freimaurer-Verbindung&#8220;. Der obskure Clip ist schon ein Renner im Netz, er wurde binnen weniger Tage bereits mehr als 116.000 Mal aufgerufen. Janich pr\u00e4sentiert darin das &#8222;Ergebnis von 24 Stunden Recherche&#8220;, wie er es nennt und die doch nicht mehr ist als eine Aufz\u00e4hlung von Hinweisen, die er im Internet aufgegabelt hat und beliebig vermixt.<\/p>\n<p>Eine knappe halbe Stunde lang sinniert er, ob hinter der Wahl Kemmerichs und seinem raschen R\u00fccktritt &#8222;noch viel mehr&#8220; steckt und &#8222;ob es da nicht entsprechende Logenverbindungen gibt&#8220;. Janich meint, sie gefunden zu haben. Immer wieder spielt er auf eine j\u00fcdische Organisation an, die er so umschreibt: &#8222;Ihr wisst ja, diese Loge ist von Freimaurern gegr\u00fcndet worden, aber l\u00e4sst nur Leute des auserw\u00e4hlten Volkes zu.&#8220;<\/p>\n<h3><span style=\"color: #1e73be\">Kaum kaschierter Judenhass<\/span><\/h3>\n<p>An mehreren Stellen erw\u00e4hnt Janich auch, dass er dazu nicht N\u00e4heres sagen d\u00fcrfe, weil das &#8222;verboten&#8220; sei \u2013 denn die Loge, die er meint, kontrolliere auch Youtube, wo er seine Videos einstellt. So bel\u00e4sst er es bei wiederkehrenden Anspielungen auf hebr\u00e4isch klingende Namen oder solche, die eine geheime Bedeutung in der Kabbalah h\u00e4tten. In den &#8222;Logensumpf&#8220; verstrickt sei unter anderem die Kanzlerin, aber beispielsweise auch der th\u00fcringische Verfassungsschutz-Pr\u00e4sident Stephan Kramer. Da er fr\u00fcher Generalsekret\u00e4r des Zentralrats der Juden in Deutschland war, ist es f\u00fcr Janich ausgemacht, dass Kramer &#8222;in dieser Eigenschaft auch gute Verbindungen hat zu dieser Loge&#8220;.<\/p>\n<p>Der vermeintlich allgegenw\u00e4rtige Einfluss geheimer B\u00fcnde ist ein altes Sujet von Verschw\u00f6rungsideologien, derer sich Janich ganz gezielt bedient. Dass diese B\u00fcnde \u00fcber Generationen hinweg ihre Mitglieder in Machtpositionen br\u00e4chten, um sich zu bereichern, sei &#8222;ein seit Jahrhunderten geprobtes Modell&#8220;, sagt er. So funktioniere &#8222;unser gesamtes politisches System auf dem gesamten Planeten&#8220;. Das entspricht allerdings haargenau der antisemitischen Erz\u00e4hlung einer &#8222;Weltverschw\u00f6rung&#8220;. Sie wirke auch in Th\u00fcringen, meint Janich.<\/p>\n<p>Der vermeintliche Beweis: Bodo Ramelow, Kemmerichs Amtsvorg\u00e4nger und wahrscheinlicher Nachfolger, sei selbst in einer Logenmitglied. Das kann Janich zwar \u2013 wie alles andere \u2013 nicht beweisen, liege auf der Hand, denn Ramelow komme &#8222;aus einer Illuminaten-Familie&#8220;, die Verbindungen zur Rothschild-Familie habe und &#8222;tats\u00e4chlich mit den Nazis kollaboriert hat in einem Konzentrationslager&#8220;. Antisemitismus-Vorw\u00fcrfe an die AfD seien demnach nur eine &#8222;satanische Umkehrung&#8220;.<\/p>\n<h3><span style=\"color: #1e73be\">AfD als die &#8222;gute Seite&#8220;<\/span><\/h3>\n<p>Janich will damit zweierlei aufgedeckt haben. Erstens sei die Wahl Kemmerichs ein Versuch der &#8222;guten Seite&#8220; \u2013 also der AfD \u2013 gewesen, die vermeintliche Macht der Logen zur\u00fcckzudr\u00e4ngen und ihren &#8222;\u00fcbergeordneten Plan&#8220; zu durchkreuzen, eine &#8222;Weltregierung&#8220; zu installieren. Als Regierungschef h\u00e4tte Kemmerich kompromittierende Verfassungsschutz-Akten anfordern k\u00f6nnen, die nun angeblich eilig vernichtet werden.<\/p>\n<p>Das ist das zweite Ergebnis von Janichs &#8222;Recherche&#8220;: Der Th\u00fcringer &#8222;Logensumpf&#8220; schlage zur\u00fcck. &#8222;Es k\u00f6nnte also sein, dass die unbedingt verhindern wollten, dass jemand von der guten Seite Zugriff auf die Daten des Verfassungsschutzes hat.&#8220; Bodo Ramelow sorge sich ganz zurecht um seine freimaurerischen Pfr\u00fcnde, und daher habe letztlich Angela Merkel interveniert, um Kemmerich zu st\u00fcrzen.<\/p>\n<p>Das alles meint Janich v\u00f6llig ernst. Wer nicht glaubt, dass seine Erz\u00e4hlung antisemitisch durchtr\u00e4nkt ist, muss nur auf den Abspann warten. Dort wird George Soros eingeblendet. Der hat zwar nichts mit Th\u00fcringen zu tun, ist aber eines der derzeit wichtigsten Feindbilder von Judenhasser*innen weltweit.<\/p>\n<h3><span style=\"color: #1e73be\">Videoverbreiter sind &#8222;Fl\u00fcgel&#8220;-Anh\u00e4nger<\/span><\/h3>\n<p>Die AfD im Landkreis Leipzig macht sich den Inhalt des Videos scheinbar vollst\u00e4ndig zu eigen. Wer genau die Facebook-Seite des Kreisverbandes betreut, verr\u00e4t die Partei zwar nicht. Das Impressum verweist aber auf den Kreisvorstand, den Edgar Naujok leitet. Sein Stellvertreter ist J\u00f6rg Dornau, der f\u00fcr die AfD im S\u00e4chsischen Landtag sitzt. Als &#8222;Medienbeauftragter&#8220; des Vorstandes fungiert Torsten Klemmer. Er sitzt gemeinsam mit Dornau im Stadtrat von R\u00f6tha, s\u00fcdlich von Leipzig.<\/p>\n<p>Beide sind Anh\u00e4nger des v\u00f6lkisch-nationalistischen &#8222;Fl\u00fcgels&#8220;, bei der letzten Vorstandswahl war mit dem Bundestagsabgeordneten Jens Maier der s\u00e4chsische &#8222;Fl\u00fcgel&#8220;-Obmann dabei. Neben dem Janich-Video gibt es auf der Facebook-Seite des Kreisverbandes aktuell auch eine Art Imagevideo von Bj\u00f6rn H\u00f6cke zu sehen, des Mannes, der Kemmerich ins Amt hob.<\/p>\n<p>Dem verfassungsfeindlichen &#8222;Fl\u00fcgel&#8220; legen Verfassungsschutz-Beh\u00f6rden schon l\u00e4nger &#8222;eindeutig antisemitisch auszulegende Deutungsmuster&#8220; zur Last. Dornau und Co. haben daf\u00fcr einen weiteren Beleg geliefert.<\/p>\n<hr>\n<p><i><strong>Erg\u00e4nzung vom 17. Februar 2020:<\/strong> Das Video ist auf der Facebook-Seite des AfD-Kreisverbandes Landkreis Leipzig inzwischen nicht mehr abrufbar. Der Beitrag wurde kommentarlos gel\u00f6scht. Eine Distanzierung der AfD von den vormals verbreiteten antisemitischen Inhalten liegt aber nicht vor. Vielmehr wird in einem anderen Beitrag empfohlen, sich &#8222;auf alternativen Medien-Kan\u00e4len&#8220; \u00fcber die Weltlage zu informieren. Ausdr\u00fccklich beworben wird dort der Youtube-Kanal von Oliver Janich, von dem das antisemitische Video stammt.<\/i><\/p>\n","protected":false},"excerpt":{"rendered":"<p>Was steckt hinter der umstrittenen Ministerpr\u00e4sidenten-Wahl in Th\u00fcringen? Der AfD-Verband im Landkreis Leipzig, in dem auch das Landtagsmitglied J\u00f6rg Dornau aktiv ist, liefert so etwas wie eine Erkl\u00e4rung \u2013 mit einem widerlichen Videobeitrag, der eine Weltverschw\u00f6rung konstruiert und vor Antisemitismus strotzt.<\/p>\n","protected":false},"author":14643,"featured_media":469,"comment_status":"closed","ping_status":"closed","sticky":false,"template":"","format":"standard","meta":{"footnotes":""},"categories":[7,14],"tags":[],"class_list":["post-470","post","type-post","status-publish","format-standard","has-post-thumbnail","hentry","category-afd-vs-wahrheit","category-dossier-verfassungsschutz"],"_links":{"self":[{"href":"https:\/\/idas.noblogs.org\/index.php?rest_route=\/wp\/v2\/posts\/470","targetHints":{"allow":["GET"]}}],"collection":[{"href":"https:\/\/idas.noblogs.org\/index.php?rest_route=\/wp\/v2\/posts"}],"about":[{"href":"https:\/\/idas.noblogs.org\/index.php?rest_route=\/wp\/v2\/types\/post"}],"author":[{"embeddable":true,"href":"https:\/\/idas.noblogs.org\/index.php?rest_route=\/wp\/v2\/users\/14643"}],"replies":[{"embeddable":true,"href":"https:\/\/idas.noblogs.org\/index.php?rest_route=%2Fwp%2Fv2%2Fcomments&post=470"}],"version-history":[{"count":24,"href":"https:\/\/idas.noblogs.org\/index.php?rest_route=\/wp\/v2\/posts\/470\/revisions"}],"predecessor-version":[{"id":501,"href":"https:\/\/idas.noblogs.org\/index.php?rest_route=\/wp\/v2\/posts\/470\/revisions\/501"}],"wp:featuredmedia":[{"embeddable":true,"href":"https:\/\/idas.noblogs.org\/index.php?rest_route=\/wp\/v2\/media\/469"}],"wp:attachment":[{"href":"https:\/\/idas.noblogs.org\/index.php?rest_route=%2Fwp%2Fv2%2Fmedia&parent=470"}],"wp:term":[{"taxonomy":"category","embeddable":true,"href":"https:\/\/idas.noblogs.org\/index.php?rest_route=%2Fwp%2Fv2%2Fcategories&post=470"},{"taxonomy":"post_tag","embeddable":true,"href":"https:\/\/idas.noblogs.org\/index.php?rest_route=%2Fwp%2Fv2%2Ftags&post=470"}],"curies":[{"name":"wp","href":"https:\/\/api.w.org\/{rel}","templated":true}]}}