{"id":4595,"date":"2021-01-08T19:02:07","date_gmt":"2021-01-08T18:02:07","guid":{"rendered":"http:\/\/idas.noblogs.org\/?p=4595"},"modified":"2021-01-08T19:02:07","modified_gmt":"2021-01-08T18:02:07","slug":"erstmals-saechsische-afd-raeumt-uebersterblichkeit-durch-corona-ein","status":"publish","type":"post","link":"https:\/\/idas.noblogs.org\/?p=4595","title":{"rendered":"Erstmals: S\u00e4chsische AfD r\u00e4umt \u00dcbersterblichkeit durch Corona ein"},"content":{"rendered":"<p><img loading=\"lazy\" decoding=\"async\" src=\"https:\/\/idas.noblogs.org\/files\/2020\/12\/urban_klein.jpg\" alt=\"\" width=\"200\" height=\"227\" class=\"alignright size-full wp-image-4467\" srcset=\"https:\/\/idas.noblogs.org\/files\/2020\/12\/urban_klein.jpg 200w, https:\/\/idas.noblogs.org\/files\/2020\/12\/urban_klein-132x150.jpg 132w\" sizes=\"auto, (max-width: 200px) 100vw, 200px\" \/><span style=\"background-color:#fcffc4\">&nbsp;<i>Plenarsaal<\/i>&nbsp;<\/span>\u2502 Monatelang hat die AfD die Corona-Pandemie verharmlost und dazu beigetragen, die Eind\u00e4mmung zu unterlaufen. Pl\u00f6tzlich r\u00e4umt der s\u00e4chsische Fraktionsvorsitzende J\u00f6rg Urban eine \u00dcbersterblichkeit ein. Die Schuld gibt er zwar der Landesregierung \u2013 doch die bedr\u00fcckenden Zahlen konnte er kaum mehr ignorieren.<!--more--><\/p>\n<p>&nbsp;<\/p>\n<hr \/>\n<p><small>Beitrag vom 08.01.2021, 19:00 Uhr<\/b> \u2502 Bild: AfD-Fraktionschef J\u00f6rg Urban.<\/small><\/p>\n<hr \/>\n<p align=\"center\"><span style=\"color: #1e73be\">\u2193<\/span><\/p>\n<h3><span style=\"color: #1e73be\">Meinungswandel seit Dezember<\/span><\/h3>\n<p>Bei der ersten Landtagssitzung in diesem Jahr hat die s\u00e4chsische AfD \u00fcberraschend eine \u00fcberdurchschnittliche Zahl von Todesf\u00e4llen durch die Corona-Pandemie einger\u00e4umt. Anhand der hohen Infektionszahlen im Freistaat hatten Sozialministerin Petra K\u00f6pping (SPD) und Kultusminister Christian Piwarz (CDU) zu Beginn der Tagung am Donnerstagnachmittag die Fortsetzung des aktuellen Lockdowns begr\u00fcndet. J\u00f6rg Urban, Vorsitzender der AfD-Fraktion, sprach in seiner Erwiderung von einer derzeit zu beobachtenden &#8222;\u00dcbersterblichkeit in Sachsen&#8220;. Die Todesopfer gingen allerdings &#8222;auf Ihr Konto&#8220;, sagte er in Richtung der Regierungsbank: Durch einen unzureichenden Schutz von Risikogruppen w\u00fcrden &#8222;schwere und t\u00f6dliche Verlaufsformen&#8220; von Covid-19 &#8222;provoziert&#8220;.<\/p>\n<p>Erstaunlich: Vor fast genau einem Monat war Urban noch gegenteiliger Ansicht gewesen. <a href=\"https:\/\/idas.noblogs.org\/?p=4187\">W\u00e4hrend einer Kundgebung<\/a> in der Landeshauptstadt, bei der er als Landesvorsitzender seiner Partei sprach, behauptete er, es w\u00fcrden im Zuge der Pandemie &#8222;genauso wenig Menschen wie in den Vorjahren&#8220; sterben. Jan-Oliver Zwerg, Generalsekret\u00e4r der Landes-AfD, bekr\u00e4ftigte das bei der gleichen Veranstaltung: &#8222;Wir haben einfach keine \u00dcbersterblichkeit&#8220;. Zu diesem Zeitpunkt war die zweite Welle der Pandemie bereits in vollem Gang.<\/p>\n<p>\u00c4hnlich hatten sich zuvor schon andere AfD-Abgeordnete festgelegt und dabei sehr generelle Aussagen getroffen. Im September kritisierte Rolf Weigand die Maskenpflicht in Schulen als unn\u00fctz, da die Sterblichkeit in Sachsen &#8222;im Jahr 2020 gegen\u00fcber den Vorjahren sogar gesunken&#8220; sei. Thomas Prantl sagte im Juni im Landtagsplenum, die &#8222;wirkliche Sterblichkeitsrate&#8220; durch Corona \u00e4hnele der einer saisonalen Grippe, daher seien jegliche Grundrechtseingriffe &#8222;nicht verh\u00e4ltnism\u00e4\u00dfig&#8220;. Im April hatte Mario Kumpf f\u00fcr Emp\u00f6rung mit einer Plenarrede gesorgt, in der er ein &#8222;fl\u00e4chendeckendes Massensterben&#8220; beklagte \u2013 und damit Unternehmen meinte, Menschen jedoch mit keinem Wort erw\u00e4hnte. Bilder aus Bergamo ersch\u00fctterten damals die \u00d6ffentlichkeit.<\/p>\n<h3><span style=\"color: #1e73be\">88 Prozent mehr Tote in Sachsen<\/span><\/h3>\n<p>Mitte M\u00e4rz und damit zu Beginn der Pandemie hatte die s\u00e4chsische AfD zun\u00e4chst selbst weitreichende Einschr\u00e4nkungen des \u00f6ffentlichen Lebens gefordert und den Regierungsfraktionen \u201eZ\u00f6gerlichkeit\u201c vorgeworfen. Im kurz danach begonnenen Fr\u00fchjahrs-Lockdown wechselte man abrupt die Seiten, agitierte seitdem gegen eine Eind\u00e4mmung und suchte sogar die Zusammenarbeit mit den radikalen &#8222;Querdenkern&#8220;. J\u00f6rg Urban hatte pers\u00f6nlich <a href=\"https:\/\/idas.noblogs.org\/?p=4129\">f\u00fcr einen Schulterschluss geworben<\/a> und war daf\u00fcr auf Konfrontation zum AfD-Bundesvorsitzenden J\u00f6rg Meuthen gegangen, der zur Vorsicht riet.<\/p>\n<p>Inzwischen stagniert die &#8222;Querdenken&#8220;-Bewegung jedoch. Als Einschnitt hinzu kam k\u00fcrzlich der Tod von Harald H\u00e4nisch, eines AfD-Stadtrats aus B\u00f6hlen (Landkreis Leipzig). Er hatte an mehreren Veranstaltungen von Pandemie-Leugner*innen teilgenommen, verzichtete dabei demonstrativ auf eine Maske und verstarb schlie\u00dflich an einer Corona-Erkrankung. Die Partei schweigt bis heute zu diesem Fall, sie kondolierte nicht einmal \u00f6ffentlich.<\/p>\n<p>M\u00f6glicherweise schaltet man nun einen Gang zur\u00fcck. &#8222;99 Prozent der Kritiker der desastr\u00f6sen Corona-Politik wissen um die Existenz und die Gefahr des Corona-Virus&#8220;, behauptete Urban gestern im Landtag. Die Daten sind immerhin eindeutig. Nach aktuellen Angaben des Statistischen Bundesamtes lagen die Sterbefallzahlen Mitte Dezember rund 23 Prozent \u00fcber dem Durchschnitt der Jahre 2016 bis 2019, in Sachsen waren es sogar mehr als 88 Prozent. Allein am Donnerstag sind im Freistaat 180 Menschen an oder mit einer Corona-Infektion gestorben, deutschlandweit wurden 1.188 Todesf\u00e4lle gemeldet \u2013 ein neuer H\u00f6chstwert.<\/p>\n","protected":false},"excerpt":{"rendered":"<p>&nbsp;Plenarsaal&nbsp;\u2502 Monatelang hat die AfD die Corona-Pandemie verharmlost und dazu beigetragen, die Eind\u00e4mmung zu unterlaufen. Pl\u00f6tzlich r\u00e4umt der s\u00e4chsische Fraktionsvorsitzende J\u00f6rg Urban eine \u00dcbersterblichkeit ein. Die Schuld gibt er zwar der Landesregierung \u2013 doch die bedr\u00fcckenden Zahlen konnte er kaum mehr ignorieren.<\/p>\n","protected":false},"author":14643,"featured_media":0,"comment_status":"closed","ping_status":"closed","sticky":false,"template":"","format":"standard","meta":{"footnotes":""},"categories":[11],"tags":[],"class_list":["post-4595","post","type-post","status-publish","format-standard","hentry","category-landtagsreport"],"_links":{"self":[{"href":"https:\/\/idas.noblogs.org\/index.php?rest_route=\/wp\/v2\/posts\/4595","targetHints":{"allow":["GET"]}}],"collection":[{"href":"https:\/\/idas.noblogs.org\/index.php?rest_route=\/wp\/v2\/posts"}],"about":[{"href":"https:\/\/idas.noblogs.org\/index.php?rest_route=\/wp\/v2\/types\/post"}],"author":[{"embeddable":true,"href":"https:\/\/idas.noblogs.org\/index.php?rest_route=\/wp\/v2\/users\/14643"}],"replies":[{"embeddable":true,"href":"https:\/\/idas.noblogs.org\/index.php?rest_route=%2Fwp%2Fv2%2Fcomments&post=4595"}],"version-history":[{"count":11,"href":"https:\/\/idas.noblogs.org\/index.php?rest_route=\/wp\/v2\/posts\/4595\/revisions"}],"predecessor-version":[{"id":4606,"href":"https:\/\/idas.noblogs.org\/index.php?rest_route=\/wp\/v2\/posts\/4595\/revisions\/4606"}],"wp:attachment":[{"href":"https:\/\/idas.noblogs.org\/index.php?rest_route=%2Fwp%2Fv2%2Fmedia&parent=4595"}],"wp:term":[{"taxonomy":"category","embeddable":true,"href":"https:\/\/idas.noblogs.org\/index.php?rest_route=%2Fwp%2Fv2%2Fcategories&post=4595"},{"taxonomy":"post_tag","embeddable":true,"href":"https:\/\/idas.noblogs.org\/index.php?rest_route=%2Fwp%2Fv2%2Ftags&post=4595"}],"curies":[{"name":"wp","href":"https:\/\/api.w.org\/{rel}","templated":true}]}}