{"id":459,"date":"2020-02-13T12:12:18","date_gmt":"2020-02-13T11:12:18","guid":{"rendered":"http:\/\/idas.noblogs.org\/?p=459"},"modified":"2020-02-13T12:15:02","modified_gmt":"2020-02-13T11:15:02","slug":"er-hatte-es-eilig-afd-abgeordneter-soll-polizisten-beschimpft-haben","status":"publish","type":"post","link":"https:\/\/idas.noblogs.org\/?p=459","title":{"rendered":"Er hatte es eilig: AfD-Abgeordneter soll Polizisten beschimpft haben"},"content":{"rendered":"<p>Das Landtagsmitglied Ivo Tilo Teichmann hat sich in Dresden mit zwei Polizeibeamten angelegt. F\u00fcr den 52-J\u00e4hrigen ist das &#8222;keine gro\u00dfe Sache&#8220;. Doch laut Polizeiprotokoll nannte er die Beamten eine &#8222;Schande&#8220;.<!--more--><\/p>\n<p align=\"center\"><span style=\"color: #1e73be\">\u2193<\/span><\/p>\n<p>Der Vorfall hat sich am Donnerstagabend vergangener Woche abgespielt. Das berichtet die &#8222;Bild&#8220; in ihrer heutigen Regionalausgabe f\u00fcr Dresden. Die Zeitung st\u00fctzt sich auf einen internen Polizeibericht, der den Ablauf schildert: Demnach haben zwei Zivilfahnder der Gemeinsamen Fahndungsgruppe der s\u00e4chsischen und der Bundespolizei ihr Auto an einer Tankstelle in der Hansastra\u00dfe in Dresden betankt. Hinter ihnen wartete ein SUV, dessen Fahrer das nicht schnell genug ging. Er hupte die Beamten mehrmals an.<\/p>\n<h3><span style=\"color: #1e73be\">&#8222;Keine gro\u00dfe Sache&#8220;<\/span><\/h3>\n<p>Die Polizisten gingen auf den Audi Q5 (Neupreis: ab 45.000 Euro) zu um sich erkundigen, was los ist. Der Fahrer, Ivo Teichmann, wies sich als Abgeordneter aus. Nach den Polizeiangaben soll er gesagt haben, dass er es eilig hat \u2013 und die Beamten als &#8222;Schande&#8220; f\u00fcr ihren Berufsstand bezeichnet haben. Dar\u00fcber hinaus habe er mit einer Dienstaufsichtsbeschwerde gedroht. Auf Nachfrage der Zeitung best\u00e4tigt Teichmann, dass er gehupt hat. Das sei aber &#8222;keine gro\u00dfe Sachse gewesen&#8220;, ausf\u00e4llig sei er nicht geworden.<\/p>\n<p><img loading=\"lazy\" decoding=\"async\" src=\"https:\/\/idas.noblogs.org\/files\/2020\/02\/teichmann_ivo.jpg\" alt=\"\" width=\"180\" height=\"263\" class=\"alignleft size-full wp-image-460\" srcset=\"https:\/\/idas.noblogs.org\/files\/2020\/02\/teichmann_ivo.jpg 180w, https:\/\/idas.noblogs.org\/files\/2020\/02\/teichmann_ivo-103x150.jpg 103w\" sizes=\"auto, (max-width: 180px) 100vw, 180px\" \/>Inzwischen erkl\u00e4rt sich Teichmann auch \u00f6ffentlich in einem Facebook-Beitrag. Demnach seien die Polizisten &#8222;v\u00f6llig uneinsichtig&#8220; gewesen und &#8222;sehr dominant&#8220; aufgetreten. Zudem h\u00e4tten sie &#8222;demonstrativ&#8220; sein Kennzeichen notiert. Daf\u00fcr revanchiert sich der Abgeordnete jetzt und nennt das komplette Pirnaer Kennzeichen des Polizeifahrzeugs, das nicht als Dienstwagen erkennbar ist. Nach seiner Darstellung habe er das Verhalten der Polizei vor Ort lediglich als &#8222;besch\u00e4mend&#8220; bezeichnet. Er habe sich ansonsten &#8222;nichts vorzuwerfen&#8220;. Der Bild-Zeitung wirft er jedoch vor, die Fakten zu verdrehen.<\/p>\n<p>Allerdings musste sich Teichmann schon einmal vor Gericht verantworten, weil er im Stra\u00dfenverkehr ausf\u00e4llig geworden ist. So soll er im August 2017 einen erst 16-j\u00e4hrigen Radfahrer mit dem Auto von der Fahrbahn gedr\u00e4ngt und dann beleidigt sowie mit den F\u00e4usten geschlagen haben. Einen Strafbefehl wegen des Vorwurfs der K\u00f6rperverletzung und der Beleidigung akzeptierte der Politiker nicht. Der Fall wurde deshalb vor knapp zwei Jahren am Amtsgericht Pirna verhandelt. Dort wurde das Verfahren gegen eine Geldauflage eingestellt, Teichmann blieb straffrei. Zum Abschluss der Verhandlung sagte er: \u201eIch beleidige niemanden. Sollte dieser Eindruck entstanden sein, entschuldige ich mich.\u201c<\/p>\n<h3><span style=\"color: #1e73be\">Langj\u00e4hriger Kontakt zur NPD<\/span><\/h3>\n<p>Teichmann, der in K\u00f6nigstein (S\u00e4chsische Schweiz) lebt, ist im vergangenen Jahr als Direktkandidat der AfD in den Landtag gew\u00e4hlt worden. Vorher hat er als Verwaltungsbeamter in mehreren Dresdner Beh\u00f6rden gearbeitet, unter anderem im Innen- und im Wirtschaftsministerium. Au\u00dferdem war er sieben Jahre lang beim Polizeipr\u00e4sidium Dresden und bei der Polizeidirektion Oberes Elbtal-Osterzgebirge f\u00fcr das Rechnungswesen zust\u00e4ndig.<\/p>\n<p>Heute ist er der f\u00fcr die AfD ein gefragter Experte f\u00fcr die Kommunalpolitik, in der er sich seit der Wendezeit engagiert. Seit 2004 sitzt er im Kreistag des Landkreises S\u00e4chsische Schweiz-Osterzgebirge \u2013 lange f\u00fcr die SPD. Im Jahr 2014 wechselte er zur AfD, ist Mitglied im aktuellen Landesvorstand und schult Kreisverb\u00e4nde zu kommunalpolitischen Themen. Nach wie vor ist er Vorsitzender des Tourismusvereins Elbsandsteingebirge.<\/p>\n<p>Seit Ende der 1990er Jahre war Teichmann, damals noch als Sozialdemokrat, immer wieder mit irritierenden \u00c4u\u00dferungen \u00fcber eine m\u00f6gliche Zusammenarbeit mit der NPD aufgefallen. Unter anderem zollte er dem NPD-Politiker Uwe Leichsenring, der ebenfalls im Kreistag sa\u00df, seine &#8222;Hochachtung&#8220;. Nachdem der Neonazi 2006 t\u00f6dlich verungl\u00fcckt ist, nahm Teichmann an einer Beerdigungszeremonie teil, die einem Aufmarsch der rechten Szene glich. Es beteiligten sich rund 300 Neonazis, viele aus dem Umfeld der verbotenen &#8222;Skinheads S\u00e4chsische Schweiz&#8220;, und sangen ein SS-Lied.<\/p>\n","protected":false},"excerpt":{"rendered":"<p>Das Landtagsmitglied Ivo Tilo Teichmann hat sich in Dresden mit zwei Polizeibeamten angelegt. F\u00fcr den 52-J\u00e4hrigen ist das &#8222;keine gro\u00dfe Sache&#8220;. Doch laut Polizeiprotokoll nannte er die Beamten eine &#8222;Schande&#8220;.<\/p>\n","protected":false},"author":14643,"featured_media":0,"comment_status":"closed","ping_status":"closed","sticky":false,"template":"","format":"standard","meta":{"footnotes":""},"categories":[1],"tags":[],"class_list":["post-459","post","type-post","status-publish","format-standard","hentry","category-aktuelles"],"_links":{"self":[{"href":"https:\/\/idas.noblogs.org\/index.php?rest_route=\/wp\/v2\/posts\/459","targetHints":{"allow":["GET"]}}],"collection":[{"href":"https:\/\/idas.noblogs.org\/index.php?rest_route=\/wp\/v2\/posts"}],"about":[{"href":"https:\/\/idas.noblogs.org\/index.php?rest_route=\/wp\/v2\/types\/post"}],"author":[{"embeddable":true,"href":"https:\/\/idas.noblogs.org\/index.php?rest_route=\/wp\/v2\/users\/14643"}],"replies":[{"embeddable":true,"href":"https:\/\/idas.noblogs.org\/index.php?rest_route=%2Fwp%2Fv2%2Fcomments&post=459"}],"version-history":[{"count":8,"href":"https:\/\/idas.noblogs.org\/index.php?rest_route=\/wp\/v2\/posts\/459\/revisions"}],"predecessor-version":[{"id":468,"href":"https:\/\/idas.noblogs.org\/index.php?rest_route=\/wp\/v2\/posts\/459\/revisions\/468"}],"wp:attachment":[{"href":"https:\/\/idas.noblogs.org\/index.php?rest_route=%2Fwp%2Fv2%2Fmedia&parent=459"}],"wp:term":[{"taxonomy":"category","embeddable":true,"href":"https:\/\/idas.noblogs.org\/index.php?rest_route=%2Fwp%2Fv2%2Fcategories&post=459"},{"taxonomy":"post_tag","embeddable":true,"href":"https:\/\/idas.noblogs.org\/index.php?rest_route=%2Fwp%2Fv2%2Ftags&post=459"}],"curies":[{"name":"wp","href":"https:\/\/api.w.org\/{rel}","templated":true}]}}