{"id":3688,"date":"2020-11-06T17:47:17","date_gmt":"2020-11-06T16:47:17","guid":{"rendered":"http:\/\/idas.noblogs.org\/?p=3688"},"modified":"2020-11-06T17:47:17","modified_gmt":"2020-11-06T16:47:17","slug":"afd-direktkandidat-suspendierter-polizist-will-in-den-bundestag","status":"publish","type":"post","link":"https:\/\/idas.noblogs.org\/?p=3688","title":{"rendered":"AfD-Direktkandidat: Suspendierter Polizist will in den Bundestag"},"content":{"rendered":"<p>Steffen Janich ist einer der Direktkandidat*innen der s\u00e4chsischen AfD zur Bundestagswahl 2021. Er ist Polizist \u2013 aber derzeit nicht im Dienst, weil er zu einer unangemeldeten Demonstration einlud. Gegen ihn l\u00e4uft au\u00dferdem ein Ermittlungsverfahren.<!--more--><\/p>\n<hr \/>\n<p><small><b>Beitrag vom 06.11.2020, 17:45 Uhr<\/b> \u2502 Im Bild: AfD-Direktkandidat Steffen Janich.<\/small><\/p>\n<hr \/>\n<h3><span style=\"color: #1e73be\">Zur Landtagswahl noch chancenlos<\/span><\/h3>\n<p>Der AfD-Verband im Landkreis S\u00e4chsische Schweiz-Osterzgebirge hat den gelernten Klempner und suspendierten Schutzpolizisten Steffen Janich als Direktkandidaten zur Bundestagswahl im kommenden Jahr nominiert. Am vergangenen Sonntag fiel die Entscheidung bei einer Aufstellungsversammlung im Landgasthof Heidekrug, gelegen im Dohmaer Stadtteil Cotta (bei Pirna). Der Kommunalpolitiker setzte sich dort gegen insgesamt sechs Mitbewerber \u2013 allesamt M\u00e4nner \u2013 durch, zuletzt in einer Stichwahl gegen Tilo Bretschneider, den ehemaligen Landesvorsitzenden der rechtspopulistischen Partei &#8222;Die Freiheit&#8220;.<\/p>\n<p>Janich tritt damit in gro\u00dfe Fu\u00dfstapfen, er ist Nachfolger der fr\u00fcheren Parteichefin Frauke Petry, die 2017 Direktkandidatin im gleichen Wahlkreis war. Mit 37,4 Prozent der Erststimmen erzielte sie ein Spitzenergebnis, trat kurz danach aber aus der AfD aus. Bei dem neuen Kandidaten, der vormals CDU-Mitglied war, handelte es sich um einen ihrer vehementen Gegenspieler. Nachdem der heute 49-J\u00e4hrige bereits in der Gr\u00fcndungszeit der Partei beigetreten war (Mitgliedsnummer: 235), ihre Strukturen im Landkreis aufgebaut hat und dort erster Kreisvorsitzender geworden ist, wandte er sich aus Ver\u00e4rgerung \u00fcber Petrys F\u00fchrungsstil wieder ab. Anfang 2018 trat er erneut bei, ist heute stellvertretender Kreisvorsitzender, sitzt im Gemeinderat seines Wohnortes Dohma und im Kreistag.<\/p>\n<p>Bereits im vergangenen Jahr wollte er zur Landtagswahl antreten. Damals gaben die Mitglieder aber Jan-Oliver Zwerg den Vorzug, der mit 35 Prozent das Direktmandat holte. Auch auf der Landesliste versuchte Janich sein Gl\u00fcck, kam aber nur auf den chancenlosen Platz 32. Urspr\u00fcnglich hatte er sich auf Platz 30 beworben, unterlag aber in der entscheidenden Abstimmung gegen Alexander Wiesner, der den Sprung ins Parlament schaffte. Aussichtslos ist Janichs neue Bewerbung f\u00fcr den Bundestag nicht, immerhin hat er ausreichend Zeit f\u00fcr den Wahlkampf: Sein Dienstherr, die s\u00e4chsische Polizei, hat ihn bereits vor Monaten suspendiert. Grund ist ein laufendes Ermittlungsverfahren wegen Versto\u00dfes gegen das Versammlungsgesetz.<\/p>\n<h3><span style=\"color: #1e73be\">F\u00fcr unangemeldete Corona-Demo geworben<\/span><\/h3>\n<p>Im April hatte sich Janich in Pirna als Leiter einer Versammlung gegen die damaligen Corona-Schutzma\u00dfnahmen zur Verf\u00fcgung gestellt, <a href=\"https:\/\/idas.noblogs.org\/?p=1352\">anscheinend spontan<\/a>. Rund 180 Menschen waren damals anonym verbreiteten Aufrufen gefolgt, sich zu einem \u201estillen Spaziergang\u201c zusammenzuschlie\u00dfen \u2013 zu einer Zeit, als das nur in viel kleinerem Umfang erlaubt war. Auch Janich hatte f\u00fcr eine Teilnahme an dem Treffen geworben, das nicht angemeldet war. Bei Facebook sprach der Beamte im Vorfeld von &#8222;meinem Spaziergang&#8220; und war dann auch selbst vor Ort, gut zu erkennen an seiner typischen Lederkutte.<\/p>\n<p>Die Versammlungsbeh\u00f6rde sprach ihn gezielt an und forderte ihn auf, die Demonstration in geregelte Bahnen zu f\u00fchren, die Anmeldung nachzuholen. Doch an die dann verf\u00fcgten Hygieneauflagen hielten sich die Beteiligten nicht, beschimpften stattdessen die Polizei, nannten Janichs Kolleg*innen unter anderem \u201eMerkel-Schergen\u201c und \u201eWichser\u201c. Dabei blieb es nicht, in den folgenden Wochen gab es <a href=\"https:\/\/idas.noblogs.org\/?p=1507\">weitere Versammlungen in Pirna<\/a>, dabei wurden wiederholt Polizist*innen angegriffen. Offiziell mochte die AfD damit nichts mehr zu tun haben: Aufrufe waren im AfD-Look gehalten, jedoch ohne Logo. Videoaufnahmen wurden zudem auf einem parteinahen Youtube-Kanal verbreitet.<\/p>\n<p>Bislang hat die AfD in Sachsen elf von maximal 16 Direktkandidat*innen aufgestellt. Darunter ist mit Karsten Hilse (Bautzen I) ein weiterer Polizist und mit Jens Maier (Dresden I) ein Richter. Beide sind Anh\u00e4nger des verfassungsfeindlichen Fl\u00fcgels und sitzen bereits im Bundestag. Im Wahlkreis Dresden II\/Bautzen II kandidiert Andreas Harla\u00df, Pressesprecher der Landespartei und der Landtagsfraktion. Er ist immer wieder durch rechte Provokationen aufgefallen, etwa \u201eThor Steinar\u201c-Kleidung, SS-Dekoration (&#8222;Julleuchter&#8220; und &#8222;Schwarze Sonne&#8220;) sowie ein Hemd mit dem Logo der rassistischen &#8222;Artgemeinschaft&#8220;. Noch keine AfD-Kandidierenden gibt es f\u00fcr Nordsachsen, die St\u00e4dte Chemnitz und Zwickau, das Chemnitzer Umland sowie den Vogtlandkreis.<\/p>\n","protected":false},"excerpt":{"rendered":"<p>Steffen Janich ist einer der Direktkandidat*innen der s\u00e4chsischen AfD zur Bundestagswahl 2021. Er ist Polizist \u2013 aber derzeit nicht im Dienst, weil er zu einer unangemeldeten Demonstration einlud. Gegen ihn l\u00e4uft au\u00dferdem ein Ermittlungsverfahren.<\/p>\n","protected":false},"author":14643,"featured_media":3687,"comment_status":"closed","ping_status":"closed","sticky":false,"template":"","format":"standard","meta":{"footnotes":""},"categories":[4],"tags":[],"class_list":["post-3688","post","type-post","status-publish","format-standard","has-post-thumbnail","hentry","category-personalien"],"_links":{"self":[{"href":"https:\/\/idas.noblogs.org\/index.php?rest_route=\/wp\/v2\/posts\/3688","targetHints":{"allow":["GET"]}}],"collection":[{"href":"https:\/\/idas.noblogs.org\/index.php?rest_route=\/wp\/v2\/posts"}],"about":[{"href":"https:\/\/idas.noblogs.org\/index.php?rest_route=\/wp\/v2\/types\/post"}],"author":[{"embeddable":true,"href":"https:\/\/idas.noblogs.org\/index.php?rest_route=\/wp\/v2\/users\/14643"}],"replies":[{"embeddable":true,"href":"https:\/\/idas.noblogs.org\/index.php?rest_route=%2Fwp%2Fv2%2Fcomments&post=3688"}],"version-history":[{"count":9,"href":"https:\/\/idas.noblogs.org\/index.php?rest_route=\/wp\/v2\/posts\/3688\/revisions"}],"predecessor-version":[{"id":3697,"href":"https:\/\/idas.noblogs.org\/index.php?rest_route=\/wp\/v2\/posts\/3688\/revisions\/3697"}],"wp:featuredmedia":[{"embeddable":true,"href":"https:\/\/idas.noblogs.org\/index.php?rest_route=\/wp\/v2\/media\/3687"}],"wp:attachment":[{"href":"https:\/\/idas.noblogs.org\/index.php?rest_route=%2Fwp%2Fv2%2Fmedia&parent=3688"}],"wp:term":[{"taxonomy":"category","embeddable":true,"href":"https:\/\/idas.noblogs.org\/index.php?rest_route=%2Fwp%2Fv2%2Fcategories&post=3688"},{"taxonomy":"post_tag","embeddable":true,"href":"https:\/\/idas.noblogs.org\/index.php?rest_route=%2Fwp%2Fv2%2Ftags&post=3688"}],"curies":[{"name":"wp","href":"https:\/\/api.w.org\/{rel}","templated":true}]}}