{"id":2484,"date":"2020-07-09T16:41:13","date_gmt":"2020-07-09T14:41:13","guid":{"rendered":"http:\/\/idas.noblogs.org\/?p=2484"},"modified":"2020-12-08T18:39:44","modified_gmt":"2020-12-08T17:39:44","slug":"superspreader-von-hass","status":"publish","type":"post","link":"https:\/\/idas.noblogs.org\/?p=2484","title":{"rendered":"&#8222;Superspreader von Hass&#8220;"},"content":{"rendered":"<p>Das Bundesamt f\u00fcr Verfassungsschutz hat seinen neuen Jahresbericht vorgelegt und geht darin erstmals auf Teilstrukturen der AfD ein. Besonders der v\u00f6lkisch-nationalistische Fl\u00fcgel steht im Fokus. Nach Ansicht der Beh\u00f6rde ist er in Sachsen besonders stark \u2013 dem krisengebeutelten s\u00e4chsischen Verfassungsschutz bietet man jetzt Unterst\u00fctzung an.<!--more--><\/p>\n<p align=\"center\"><span style=\"color: #1e73be\">\u2193<\/span><\/p>\n<h3><span style=\"color: #1e73be\">Klares Urteil zum Fl\u00fcgel<\/span><\/h3>\n<p>In dem heute vorgestellten Jahresbericht des Bundesamtes f\u00fcr Verfassungsschutz (BfV) werden erstmals Teilstrukturen der AfD aufgef\u00fchrt. Auf sieben Seiten ordnet die Beh\u00f6rde den v\u00f6lkisch-nationalistischen Fl\u00fcgel sowie den Nachwuchsverband Junge Alternative (JA) dem Spektrum des &#8222;Rechtsextremismus&#8220; zu. Beide Gruppierungen waren <a href=\"https:\/\/idas.noblogs.org\/?p=691\">im vergangenen Jahr<\/a>, auf den sich der nun vorgelegte Verfassungsschutzbericht bezieht, zu sogenannten Verdachtsf\u00e4llen erkl\u00e4rt worden. Der Fl\u00fcgel ist inzwischen ein <a href=\"https:\/\/idas.noblogs.org\/?p=764\">vollwertiges Beobachtungsobjekt<\/a>.<\/p>\n<p>Das dahinter stehende Politikkonzept sei &#8222;auf Ausgrenzung, Ver\u00e4chtlichmachung und letztlich weitgehende Rechtlosstellung von Migranten, Muslimen und politisch Andersdenkenden gerichtet&#8220;, hei\u00dft es im Bericht. Damit versto\u00dfe man gegen die verfassungsm\u00e4\u00dfige Menschenw\u00fcrdegarantie sowie das Demokratie- und Rechtsstaatsprinzip. Die JA habe zudem einen &#8222;ethnisch-kulturell gepr\u00e4gten Volksbegriff&#8220; vertreten, der mit dem Grundgesetz nicht vereinbar sei. Problematische Teile des eigenen Programms seien zwar \u00fcberarbeitet und entsch\u00e4rft worden. M\u00f6glicherweise handle es sich jedoch um eine &#8222;rein kosmetische M\u00e4\u00dfigung&#8220;.<\/p>\n<p>Vor dem BfV haben bereits acht Landes\u00e4mter f\u00fcr Verfassungsschutz ihre Berichte vorgelegt. Sechs davon enthalten teils ausf\u00fchrliche Ausf\u00fchrungen zur AfD, <a href=\"https:\/\/idas.noblogs.org\/?p=1243\">der Vorreiter ist Bayern<\/a>. Zuletzt war die Rechtspartei mit dem Versuch gescheitert, eine Erw\u00e4hnung im Bundesbericht gerichtlich zu verhindern. Er habe keine &#8222;substantiellen Bedenken&#8220; gegen den Kurs des BfV in dieser Frage, sagte Bundesinnenminister Horst Seehofer (CSU) heute in Berlin. Er nahm damit Stellung zu Medienberichten, wonach das Ministerium zun\u00e4chst eine mildere Gangart bevorzugt habe. BfV-Pr\u00e4sident Thomas Haldenwang k\u00fcndigte an, man werde sich &#8222;sehr genau weiterhin anschauen&#8220;, welchen Einfluss Fl\u00fcgel-Kr\u00e4fte auf die Gesamtpartei nehmen und und &#8222;ob das zu weiteren \u00dcberlegungen f\u00fchren muss&#8220;.<\/p>\n<h3><span style=\"color: #1e73be\">Eigene Erkenntnisse zur St\u00e4rke des Fl\u00fcgels<\/span><\/h3>\n<p>Offenbar wird erwogen, die Bundespartei noch in diesem Jahr vom Pr\u00fcf- zum Verdachtsfall aufzuwerten. Durch die Erw\u00e4hnung im Verfassungsschutzbericht gelten bereits jetzt rund 7.000 AfD-Anh\u00e4nger*innen, die dem Fl\u00fcgel zugerechnet werden, sowie rund 1.600 Mitglieder der Jungen Alternative offiziell als &#8222;Rechtsextremisten&#8220;. Deren Gesamtzahl steigt dadurch im Vergleich zum Vorjahr um rund ein Drittel an, auf nunmehr 33.430 Personen. Demnach ist die m\u00e4chtigste Struktur der extremen Rechten in Deutschland eine Teilorganisation der AfD. Bei der Partei verwahrt man sich gegen diesen Eindruck. Der Parteivorsitzende Tino Chrupalla erkl\u00e4rte heute, es handle sich bei der Fl\u00fcgel-Zahl um ein &#8222;frei erfundenes Personenpotential&#8220;.<\/p>\n<p>Die Sch\u00e4tzung des BfV st\u00fctzt sich tats\u00e4chlich auf Eigenangaben aus Parteikreisen, wonach dieser Str\u00f6mung mindestens 20 Prozent der AfD-Mitglieder angeh\u00f6ren sollen. Das sei nur die &#8222;untere Grenze&#8220;, hei\u00dft es im Bericht. Es handle sich auch nicht mehr nur um eine Sch\u00e4tzung, erg\u00e4nzte Haldenwang: Seine Beh\u00f6rde habe inzwischen mit nachrichtendienstlichen Mitteln eigene Erkenntnisse gewonnen, wonach die Sch\u00e4tzung &#8222;der Sache sehr, sehr nahe&#8220; k\u00e4me. Bei einer Aufz\u00e4hlung ma\u00dfgeblicher Fl\u00fcgel-Kr\u00e4fte nannte er auch den Parteigr\u00fcnder und Ehrenvorsitzenden Alexander Gauland beim Namen.<\/p>\n<p>Den Fl\u00fcgel und die Junge Alternative rechnet das BfV dem wachsenden Spektrum der Neuen Rechten zu, das &#8222;immer aktiver und selbstbewusster&#8220; vorgehe. Daher habe man in diesem Jahr nach der Identit\u00e4ren Bewegung auch das Compact-Magazin, das &#8222;Institut f\u00fcr Staatspolitik&#8220; und die Initiative &#8222;Ein Prozent&#8220; unter Beobachtung gestellt, erl\u00e4uterte Haldenwang. Derartige Gruppen bezeichnete er als &#8222;Superspreader von Hass, Radikalisierung und Gewalt&#8220;.<\/p>\n<h3><span style=\"color: #1e73be\">BfV will s\u00e4chsischem Verfassungsschutz helfen<\/span><\/h3>\n<p>Offenbar hegt das BfV erhebliche Zweifel daran, <a href=\"https:\/\/idas.noblogs.org\/?p=1491\">dass sich der Fl\u00fcgel tats\u00e4chlich aufgel\u00f6st hat<\/a>. Vielmehr sei &#8222;von einer zumindest konsolidierten Macht- und Einflussbasis innerhalb der AfD auszugehen&#8220;, hei\u00dft es im Bericht. Die Str\u00f6mung sehe sich vor allem &#8222;durch die Erfolge der von ihm dominierten \u00f6stlichen AfD-Landesverb\u00e4nde bei den Landtagswahlen 2019 gest\u00e4rkt&#8220;. In einer Fu\u00dfnote werden an dieser Stelle die Wahlergebnisse in Th\u00fcringen, Brandenburg und auch Sachsen aufgef\u00fchrt \u2013 ein klarer Hinweis darauf, dass aus BfV-Sicht auch die s\u00e4chsische AfD <a href=\"https:\/\/idas.noblogs.org\/?p=2204\">durch den Fl\u00fcgel dominiert<\/a> wird. Aus \u00e4hnlichem Grund wurden bereits die kompletten th\u00fcringischen und brandenburgischen AfD-Landesverb\u00e4nde zu Verdachtsf\u00e4llen erkl\u00e4rt.<\/p>\n<p>Das s\u00e4chsische Landesamt f\u00fcr Verfassungsschutz (LfV) ist von diesem Schritt <a href=\"https:\/\/idas.noblogs.org\/?p=2461\">offensichtlich noch weit entfernt<\/a>, wie der aktuelle Datenskandal der Dresdner Beh\u00f6rde zeigt. Im Freistaat sei es zur\u00fcckliegend zu &#8222;internen Abstimmungsproblemen&#8220; zwischen dem LfV und dem hiesigen Innenministerium gekommen, sagte Haldenwang dazu. Er habe sich zuletzt kurzfristig zu einem Gespr\u00e4ch mit dem s\u00e4chsischen Innenminister Roland W\u00f6ller (CDU) und dem neuen LfV-Pr\u00e4sidenten Dirk-Martin Christian getroffen und dabei ein &#8222;hohes Ma\u00df an Einvernehmen&#8220; erzielt. Das Gespr\u00e4ch habe gezeigt, dass es beim Umgang mit der AfD &#8222;keinerlei Dissens&#8220; gebe, so Haldenwang weiter. Die Zusammenarbeit mit dem LfV Sachsen innerhalb des Verfassungsschutzverbundes sei nicht gef\u00e4hrdet.<\/p>\n<p>Man gehe &#8222;absolut im Schulterschluss&#8220; vor, der Bund werde gern &#8222;behilflich sein, die Probleme aufzuarbeiten&#8220;, \u00fcber die zuletzt berichtet wurde \u2013 &#8222;so unsere Hilfe da willkommen ist&#8220;. \u00dcber m\u00f6gliche Spannungen mit dem geschassten LfV-Pr\u00e4sidenten Gordian Meyer-Plath sagte Haldenwang nichts. Meyer-Plath soll \u00fcber Monate hinweg eine Hanreichung des BfV missachtet haben, wie insbesondere mit sensiblen Daten von AfD-Abgeordneten umgegangen werden sollte. Haldenwang best\u00e4tigte aber, dass sich das BfV auch mit Bundestagsabgeordneten der AfD befasst, die dem Fl\u00fcgel nahestehen. Unklar ist derzeit, ob das LfV Sachsen in seinem noch ausstehenden Jahresbericht auf die AfD eingehen wird. In den Vorjahren war der s\u00e4chsische Bericht zumeist im Fr\u00fchjahr oder Fr\u00fchsommer erschienen. In diesem Jahr ist nicht vor Herbst damit zu rechnen.<\/p>\n","protected":false},"excerpt":{"rendered":"<p>Das Bundesamt f\u00fcr Verfassungsschutz hat seinen neuen Jahresbericht vorgelegt und geht darin erstmals auf Teilstrukturen der AfD ein. Besonders der v\u00f6lkisch-nationalistische Fl\u00fcgel steht im Fokus. Nach Ansicht der Beh\u00f6rde ist er in Sachsen besonders stark \u2013 dem krisengebeutelten s\u00e4chsischen Verfassungsschutz bietet man jetzt Unterst\u00fctzung an.<\/p>\n","protected":false},"author":14643,"featured_media":2483,"comment_status":"closed","ping_status":"closed","sticky":false,"template":"","format":"standard","meta":{"footnotes":""},"categories":[1,14],"tags":[],"class_list":["post-2484","post","type-post","status-publish","format-standard","has-post-thumbnail","hentry","category-aktuelles","category-dossier-verfassungsschutz"],"_links":{"self":[{"href":"https:\/\/idas.noblogs.org\/index.php?rest_route=\/wp\/v2\/posts\/2484","targetHints":{"allow":["GET"]}}],"collection":[{"href":"https:\/\/idas.noblogs.org\/index.php?rest_route=\/wp\/v2\/posts"}],"about":[{"href":"https:\/\/idas.noblogs.org\/index.php?rest_route=\/wp\/v2\/types\/post"}],"author":[{"embeddable":true,"href":"https:\/\/idas.noblogs.org\/index.php?rest_route=\/wp\/v2\/users\/14643"}],"replies":[{"embeddable":true,"href":"https:\/\/idas.noblogs.org\/index.php?rest_route=%2Fwp%2Fv2%2Fcomments&post=2484"}],"version-history":[{"count":10,"href":"https:\/\/idas.noblogs.org\/index.php?rest_route=\/wp\/v2\/posts\/2484\/revisions"}],"predecessor-version":[{"id":2494,"href":"https:\/\/idas.noblogs.org\/index.php?rest_route=\/wp\/v2\/posts\/2484\/revisions\/2494"}],"wp:featuredmedia":[{"embeddable":true,"href":"https:\/\/idas.noblogs.org\/index.php?rest_route=\/wp\/v2\/media\/2483"}],"wp:attachment":[{"href":"https:\/\/idas.noblogs.org\/index.php?rest_route=%2Fwp%2Fv2%2Fmedia&parent=2484"}],"wp:term":[{"taxonomy":"category","embeddable":true,"href":"https:\/\/idas.noblogs.org\/index.php?rest_route=%2Fwp%2Fv2%2Fcategories&post=2484"},{"taxonomy":"post_tag","embeddable":true,"href":"https:\/\/idas.noblogs.org\/index.php?rest_route=%2Fwp%2Fv2%2Ftags&post=2484"}],"curies":[{"name":"wp","href":"https:\/\/api.w.org\/{rel}","templated":true}]}}