{"id":2311,"date":"2020-06-19T13:36:41","date_gmt":"2020-06-19T11:36:41","guid":{"rendered":"http:\/\/idas.noblogs.org\/?p=2311"},"modified":"2020-06-19T13:46:53","modified_gmt":"2020-06-19T11:46:53","slug":"afd-bundeskonvent-verlegt-treff-in-lommatzsch-geplant","status":"publish","type":"post","link":"https:\/\/idas.noblogs.org\/?p=2311","title":{"rendered":"AfD-Bundeskonvent verlegt: Treff in Lommatzsch geplant"},"content":{"rendered":"<p>Der AfD-Bundeskonvent wird doch stattfinden. Nach <i>idas<\/i>-Informationen trifft sich die Partei an diesem Samstag im &#8222;Sch\u00fctzenhaus&#8220; in Lommatzsch (Landkreis Mei\u00dfen). Der urspr\u00fcnglichen Tagesordnung zufolge soll die Konventssitzung um 11 Uhr beginnen und mindestens acht Stunden andauern. Vorgeschaltet ist die Schatzmeisterkonferenz, einer der st\u00e4ndigen Konventsaussch\u00fcsse, der bereits am Freitag tagt.<!--more--><\/p>\n<p align=\"center\"><span style=\"color: #1e73be\">\u2193<\/span><\/p>\n<h3><span style=\"color: #1e73be\">Treffen bei Halle geplatzt<\/span><\/h3>\n<p>Zun\u00e4chst sollte die komplette Tagung in einem Mercure-Hotel <a href=\"https:\/\/idas.noblogs.org\/?p=2298\">in Landsberg<\/a> bei Halle\/Saale stattfinden. In der Nacht zum Donnerstag wurden dort jedoch mehrere Scheiben eingeworfen. Nach Darstellung der AfD stand die Tagungsst\u00e4tte dann aufgrund der Besch\u00e4digungen nicht mehr zur Verf\u00fcgung. Die Hotelleitung gibt dagegen an, von sich aus den Vertrag mit der Partei gek\u00fcndigt zu haben. Demnach sei man \u00fcber den tats\u00e4chlichen Zweck des Treffens get\u00e4uscht worden.<\/p>\n<p>Der Konventsvorsitzende Carsten H\u00fctter, Landtagsabgeordnetr in Sachsen, teilte dazu zun\u00e4chst mit, dass ein anderes Hotel &#8222;in einem Nachbarbundesland&#8220; zur Verf\u00fcgung stehe. Im Laufe des Donnerstags stimmten sich die Konventsmitglieder zum weiteren Vorgehen ab. Auch eine komplette Absage stand zwischenzeitlich im Raum, am Nachmittag behauptete dies ein Parteisprecher sogar gegen\u00fcber Medien. Kurz darauf kursierte Riesa als neuer Treffpunkt \u2013 wom\u00f6glich eine gezielt gestreute Falschinformation. Tats\u00e4chlich hatte man sich da bereits verst\u00e4ndigt, nach Lommatzsch auszuweichen.<\/p>\n<h3><span style=\"color: #1e73be\">Konfliktreiche Tagesordnung<\/span><\/h3>\n<p>Der Konvent wird sich dort unter anderem mit dem Haushaltsplan der Bundespartei befassen, der in diesem Jahr ein Gesamtbudget in H\u00f6he von fast siebeneinhalb Millionen Euro umfasst. Einen Teil des Guthabens wird in Wahlk\u00e4mpfe im kommenden Jahr flie\u00dfen, allein zur Unterst\u00fctzung des Bundestagswahlkampfs rechnen die Landesverb\u00e4nde mit Zusch\u00fcssen in jeweils sechsstelliger H\u00f6he. Im Raum steht auch die Idee, eine eigene, repr\u00e4sentative Immobilie zu erwerben.<\/p>\n<p>Einige Antr\u00e4ge, die wom\u00f6glich behandelt werden, bergen viel Konfliktstoff. Sie betreffen unter anderem die <a href=\"https:\/\/idas.noblogs.org\/?p=1718\">Annullierung<\/a> der Mitgliedschaft des Neonazis Andreas Kalbitz und die <a href=\"https:\/\/idas.noblogs.org\/?p=1071\">Amtsenthebung<\/a> des saarl\u00e4ndischen Landesvorstands. Einige der Konventsdelegierten wollen offenbar auch hart mit dem Bundesvorsitzenden J\u00f6rg Meuthen <a href=\"https:\/\/idas.noblogs.org\/?p=1104\">ins Gericht gehen<\/a>. Au\u00dferdem vorgesehen sind Aussprachen zu den Parteispendenaff\u00e4ren der Partei und zur Lage in der parteinahen <a href=\"https:\/\/idas.noblogs.org\/?p=1629\">Desiderius-Erasmus-Stiftung<\/a>.<\/p>\n<h3><span style=\"color: #1e73be\">Lommatzsch ist bew\u00e4hrter Treffpunkt<\/span><\/h3>\n<p>Die Sitzung des Konvents, landl\u00e4ufig auch als \u201ekleiner Parteitag\u201c bezeichnet, wird innerparteilich mit Spannung erwartet. Das Gremium ist zust\u00e4ndig f\u00fcr \u201ealle politischen und organisatorischen Fragen der Bundespartei\u201c. Pandemiebedingt fand die letzte Sitzung im Januar statt, seitdem traf der Bundesvorstand alle ma\u00dfgeblichen Entscheidungen und stie\u00df insbesondere durch die <a href=\"https:\/\/idas.noblogs.org\/?p=1491\">Absto\u00dfung des verfassungsfeindlichen Fl\u00fcgels<\/a> auf vehemente Kritik. Dem Konvent geh\u00f6ren neben einzelnen Mitgliedern des Parteivorstands insgesamt 50 Vertreter*innen s\u00e4mtlicher Landesverb\u00e4nde an.<\/p>\n<p>Die s\u00e4chsische AfD hat sich zur\u00fcckliegend wiederholt ungest\u00f6rt in Lommatzsch getroffen, beispielsweise im Sommer vergangenen Jahres zum Auftakt des Landtagswahlkampfs. Die prominentesten G\u00e4ste damals waren Bj\u00f6rn H\u00f6cke und Andreas Kalbitz. Vor Ort feierte die hiesige Landespartei auch bereits ihren &#8222;politischen Aschermittwoch&#8220;.<\/p>\n","protected":false},"excerpt":{"rendered":"<p>Der AfD-Bundeskonvent wird doch stattfinden. Nach idas-Informationen trifft sich die Partei an diesem Samstag im &#8222;Sch\u00fctzenhaus&#8220; in Lommatzsch (Landkreis Mei\u00dfen). Der urspr\u00fcnglichen Tagesordnung zufolge soll die Konventssitzung um 11 Uhr beginnen und mindestens acht Stunden andauern. Vorgeschaltet ist die Schatzmeisterkonferenz, einer der st\u00e4ndigen Konventsaussch\u00fcsse, der bereits am Freitag tagt.<\/p>\n","protected":false},"author":14643,"featured_media":2326,"comment_status":"closed","ping_status":"closed","sticky":false,"template":"","format":"standard","meta":{"footnotes":""},"categories":[1],"tags":[],"class_list":["post-2311","post","type-post","status-publish","format-standard","has-post-thumbnail","hentry","category-aktuelles"],"_links":{"self":[{"href":"https:\/\/idas.noblogs.org\/index.php?rest_route=\/wp\/v2\/posts\/2311","targetHints":{"allow":["GET"]}}],"collection":[{"href":"https:\/\/idas.noblogs.org\/index.php?rest_route=\/wp\/v2\/posts"}],"about":[{"href":"https:\/\/idas.noblogs.org\/index.php?rest_route=\/wp\/v2\/types\/post"}],"author":[{"embeddable":true,"href":"https:\/\/idas.noblogs.org\/index.php?rest_route=\/wp\/v2\/users\/14643"}],"replies":[{"embeddable":true,"href":"https:\/\/idas.noblogs.org\/index.php?rest_route=%2Fwp%2Fv2%2Fcomments&post=2311"}],"version-history":[{"count":13,"href":"https:\/\/idas.noblogs.org\/index.php?rest_route=\/wp\/v2\/posts\/2311\/revisions"}],"predecessor-version":[{"id":2325,"href":"https:\/\/idas.noblogs.org\/index.php?rest_route=\/wp\/v2\/posts\/2311\/revisions\/2325"}],"wp:featuredmedia":[{"embeddable":true,"href":"https:\/\/idas.noblogs.org\/index.php?rest_route=\/wp\/v2\/media\/2326"}],"wp:attachment":[{"href":"https:\/\/idas.noblogs.org\/index.php?rest_route=%2Fwp%2Fv2%2Fmedia&parent=2311"}],"wp:term":[{"taxonomy":"category","embeddable":true,"href":"https:\/\/idas.noblogs.org\/index.php?rest_route=%2Fwp%2Fv2%2Fcategories&post=2311"},{"taxonomy":"post_tag","embeddable":true,"href":"https:\/\/idas.noblogs.org\/index.php?rest_route=%2Fwp%2Fv2%2Ftags&post=2311"}],"curies":[{"name":"wp","href":"https:\/\/api.w.org\/{rel}","templated":true}]}}