{"id":2262,"date":"2020-06-14T17:10:42","date_gmt":"2020-06-14T15:10:42","guid":{"rendered":"http:\/\/idas.noblogs.org\/?p=2262"},"modified":"2020-06-14T17:10:42","modified_gmt":"2020-06-14T15:10:42","slug":"braunes-schaulaufen-in-der-herzkammer-der-afd","status":"publish","type":"post","link":"https:\/\/idas.noblogs.org\/?p=2262","title":{"rendered":"Braunes Schaulaufen in der &#8222;Herzkammer der AfD&#8220;"},"content":{"rendered":"<p>Rund 200 Anh\u00e4nger*innen der AfD und ihres verfassungsfeindlichen Fl\u00fcgels, darunter die s\u00e4chsische Landesspitze und mehrere Abgeordnete, kamen gestern nach Sebnitz zu einer Kunbdgebung der Partei. Die Versammlung hatte kein Motto, aber einen namhaften Gast: den Neonazi Andreas Kalbitz. Etliche Menschen protestierten gegen das extrem rechte Treffen in der Kleinstadt.<!--more--><\/p>\n<p align=\"center\"><span style=\"color: #1e73be\">\u2193<\/span><\/p>\n<h3><span style=\"color: #1e73be\">Selbstlob vom Fl\u00fcgel<\/span><\/h3>\n<p>Es sollte ein gro\u00dfes <a href=\"https:\/\/idas.noblogs.org\/?p=2204\">Schaulaufen des Fl\u00fcgels<\/a> werden. Doch mit rund 200 Menschen kamen am Samstagnachmittag weniger Interessierte als erwartet zu einer Kundgebung auf dem Marktplatz in Sebnitz. Dorthin hatte der AfD-Verband im Landkreis S\u00e4chsische Schweiz-Osterzgebirge eingeladen, er spricht hinterher von fast der doppelten Zahl, die sich der &#8222;Demo der AfD&#8220; angeschlossen habe. So hie\u00df das Treffen, f\u00fcr das es es nicht einmal ein offizielles Motto gab. Es gen\u00fcgte, einen besonderen Gast anzuk\u00fcndigen: den Neonazi <a href=\"https:\/\/idas.noblogs.org\/?p=1718\">Andreas Kalbitz<\/a>, der aus der Partei geflogen ist. Dieser Umstand spiele &#8222;f\u00fcr uns heute keine Rolle&#8220;, behauptete der s\u00e4chsische Landesvorsitzende J\u00f6rg Urban gegen\u00fcber dem <em>MDR<\/em>. Doch l\u00e4ngst ist der brandenburgische Landespolitiker <a href=\"https:\/\/idas.noblogs.org\/?p=1779\">auch in Sachsen<\/a> eine wichtige Figur im aktuellen Machtkampf, f\u00fcr manche gar ein Idol.<\/p>\n<p>Kurz nach 16 Uhr begann die Versammlung in der Kleinstadt s\u00fcd\u00f6stlich von Dresden. Kreisverbandschef Lothar Hoffmann begr\u00fc\u00dfte die Anwensenden, ausdr\u00fccklich auch angereiste Pegida-Fans, und f\u00fchrte dann durchs Rednerprogramm. Es war ein wilder Mix aus verschiedenen Lieblingsthemen der Partei. Der Bundestagsabgeordnete <a href=\"https:\/\/idas.noblogs.org\/?p=1768\">Jens Maier<\/a> adelte die Region zur &#8222;Herzkammer der AfD&#8220;, Urban widmete sich der Corona-Krise und einer angeblich beschnittenen Meinungsfreiheit. Jan-Oliver Zwerg, als Generalsekret\u00e4r die Nummer Zwei der Sachsen-AfD, beklagte eine unfaire Behandlung seiner Partei, der man den Dialog verweigere. Der einzige rote Faden war das ganz unbescheidene Eigenlob. Der Landtagsabgeordnete <a href=\"https:\/\/idas.noblogs.org\/?p=2045\">Ivo Teichmann<\/a> etwa bezeichnete die AfD als einzige &#8222;wirkliche Opposition&#8220;.<\/p>\n<p>H\u00f6hepunkt aus Sicht der Rechten war die neunmin\u00fctige Ansprache von Kalbitz, doch auch er bot nur Standardinhalte mit einigen Ausfl\u00fcgen in die Tagespolitik. Aktuelle Diskussionen, den Begriff &#8222;Rasse&#8220; aus dem Grundgesetz zu streichen, mochte er beispielsweise nichts abgewinnen, denn &#8222;wenn es das nicht gibt, dann gibt&#8217;s ja auch keinen Rassismus.&#8220; Ohnehin habe Deutschland &#8222;kein Problem mit strukturellem Rassismus. Wir haben ein Problem mit struktureller Inl\u00e4nderfeindlichkeit in unserem Land.&#8220; Ferner mit den &#8222;aufgebauschten Folgen&#8220; der Pandemie, die blo\u00dfe &#8222;Panikmache&#8220; einer &#8222;Allianz der Grundgesetzabschaffer&#8220; sei. Man nehme dadurch hin, &#8222;dass immer mehr Grundrechte eingeschr\u00e4nkt werden&#8220;. In Wirklichkeit galten f\u00fcr die Kundgebung, auf der Kalbitz sprach, gar keinen besonderen Beschr\u00e4nkungen mehr.<\/p>\n<h3><span style=\"color: #1e73be\">Schimpfattacken gegen alle anderen<\/span><\/h3>\n<p>Zu seiner eigenen Lage sagte er nicht viel, bedankte sich aber einleitend f\u00fcr &#8222;die Unterst\u00fctzung, die mir aus allen Teilen der Republik ganz pers\u00f6nlich zuteil geworden ist.&#8220; Von seiner Ex-Partei, in die er sich zur\u00fcckklagen will, spricht er unver\u00e4ndert in der Wir-Form: &#8222;Da, wo wir einig sind und geschlossen stehen, da haben wir auch Erfolg!&#8220; Nach einer knappen anderthalben Stunde endete die Kundgebung. Gemessen an Resonanz und Au\u00dfenwirkung war die Versammlung weniger ein H\u00f6hepunkt der j\u00fcngsten Protestkampagne der s\u00e4chsischen AfD als vielmehr so etwas wie ein symbolischer Abschluss.<\/p>\n<p>Im Pulk zu sehen und teils als Ordner eingesetzt waren die AfD-Landtagsabgeordneten Norbert Mayer, Jens Oberhoffner und Doreen Schwietzer, ferner der suspendierte Justizbeamte Daniel Zabel aus dem Landesvorstand der Partei, der suspendierte Polizist <a href=\"https:\/\/idas.noblogs.org\/?p=1352\">Steffen Janich<\/a> aus Pirna sowie der Identit\u00e4ren-nahe Aktivist Johannes Sch\u00fcller, der f\u00fcr das AfD-Vorfeldmedium <i>Deutschland Kurier<\/i> berichtet. Ebenfalls dabei waren Personen, die augenscheinlich zur rechten Szene geh\u00f6ren und eher mit der NPD sympathsieren. Da man immerzu &#8222;einig sein&#8220; will, sang man zum Schluss gemeinsam das Deutschlandlied.<\/p>\n<p>Auch Gegenprotest hat es gegeben, am Vormittag eine Kreideaktion auf dem Markt, dann ein \u00f6kumenisches Friedensgebet in der benachbarten Peter-Pauls-Kirche und schlie\u00dflich eine  Menschenkette mit dem Motto &#8222;Zusammen f\u00fcr Sebnitz. Friedlich&#8220;. Hier engagierte sich ein breites politisches Spektrum, bis hin zur \u00f6rtlichen CDU. Insgesamt positionierten sich dabei rund 200 Menschen, nicht weniger als bei der AfD. Der Rechtspartei missfiel das offenbar: Kalbitz nannte Teilnehmende am Gegenprotest in seiner Rede &#8222;lebende Exemplare der real existierenden Bildungskatastrophe&#8220;, die unter einem &#8222;Nazi-Tourette-Syndrom&#8220; leiden w\u00fcrden. Auf AfD-Facebookseiten aus der Region ist heute die Rede von einem &#8222;betrunkenen H\u00e4ufchen&#8220;, &#8222;linken Chaoten, &#8222;bekifften Antifanten&#8220; und &#8222;wenig motivierten Hanseln&#8220;.<\/p>\n<p>Das ist eben der Tonfall in der Herzkammer der AfD.<\/p>\n","protected":false},"excerpt":{"rendered":"<p>Rund 200 Anh\u00e4nger*innen der AfD und ihres verfassungsfeindlichen Fl\u00fcgels, darunter die s\u00e4chsische Landesspitze und mehrere Abgeordnete, kamen gestern nach Sebnitz zu einer Kunbdgebung der Partei. Die Versammlung hatte kein Motto, aber einen namhaften Gast: den Neonazi Andreas Kalbitz. Etliche Menschen protestierten gegen das extrem rechte Treffen in der Kleinstadt.<\/p>\n","protected":false},"author":14643,"featured_media":2261,"comment_status":"closed","ping_status":"closed","sticky":false,"template":"","format":"standard","meta":{"footnotes":""},"categories":[1],"tags":[],"class_list":["post-2262","post","type-post","status-publish","format-standard","has-post-thumbnail","hentry","category-aktuelles"],"_links":{"self":[{"href":"https:\/\/idas.noblogs.org\/index.php?rest_route=\/wp\/v2\/posts\/2262","targetHints":{"allow":["GET"]}}],"collection":[{"href":"https:\/\/idas.noblogs.org\/index.php?rest_route=\/wp\/v2\/posts"}],"about":[{"href":"https:\/\/idas.noblogs.org\/index.php?rest_route=\/wp\/v2\/types\/post"}],"author":[{"embeddable":true,"href":"https:\/\/idas.noblogs.org\/index.php?rest_route=\/wp\/v2\/users\/14643"}],"replies":[{"embeddable":true,"href":"https:\/\/idas.noblogs.org\/index.php?rest_route=%2Fwp%2Fv2%2Fcomments&post=2262"}],"version-history":[{"count":24,"href":"https:\/\/idas.noblogs.org\/index.php?rest_route=\/wp\/v2\/posts\/2262\/revisions"}],"predecessor-version":[{"id":2286,"href":"https:\/\/idas.noblogs.org\/index.php?rest_route=\/wp\/v2\/posts\/2262\/revisions\/2286"}],"wp:featuredmedia":[{"embeddable":true,"href":"https:\/\/idas.noblogs.org\/index.php?rest_route=\/wp\/v2\/media\/2261"}],"wp:attachment":[{"href":"https:\/\/idas.noblogs.org\/index.php?rest_route=%2Fwp%2Fv2%2Fmedia&parent=2262"}],"wp:term":[{"taxonomy":"category","embeddable":true,"href":"https:\/\/idas.noblogs.org\/index.php?rest_route=%2Fwp%2Fv2%2Fcategories&post=2262"},{"taxonomy":"post_tag","embeddable":true,"href":"https:\/\/idas.noblogs.org\/index.php?rest_route=%2Fwp%2Fv2%2Ftags&post=2262"}],"curies":[{"name":"wp","href":"https:\/\/api.w.org\/{rel}","templated":true}]}}