{"id":2251,"date":"2020-06-14T14:08:32","date_gmt":"2020-06-14T12:08:32","guid":{"rendered":"http:\/\/idas.noblogs.org\/?p=2251"},"modified":"2020-06-14T14:08:32","modified_gmt":"2020-06-14T12:08:32","slug":"presseschau-24-kalenderwoche-2020","status":"publish","type":"post","link":"https:\/\/idas.noblogs.org\/?p=2251","title":{"rendered":"Presseschau, 24. Kalenderwoche 2020"},"content":{"rendered":"<p>Neuwahl in Ottendorf-Okrilla, Scheitern im Leipziger Stadtrat, H\u00fctter gegen Arbeitsk\u00e4mpfe, Hein im Abschiebe-Beirat, einsamer Corona-Protest in Pirna, Russland bezahlt Oehme, Postengerangel in Niedersachsen, Niederlage f\u00fcr Seehofer, Klage von Kalbitz, Provokation in Sachsen-Anhalt, neuer Stunk in der Stiftung, Zusammenarbeit in Trebbin, Abgrenzung bei der FDP, Verleumdungskampagnen. Das war diese Woche wichtig:<!--more--><\/p>\n<p align=\"center\"><span style=\"color: #1e73be\">\u2193<\/span><\/p>\n<hr>\n<p><code>In der Presseschau informiert <i>idas<\/i> <a href=\"https:\/\/idas.noblogs.org\/?cat=6\">jeden Sonntag<\/a> \u00fcber lesenswerte Medienberichte und Recherchen rund um die AfD, die im Laufe der Woche erschienen sind.<\/code><\/p>\n<hr>\n<h3><span style=\"color: #1e73be\">AfD in Sachsen<\/span><\/h3>\n<p><span style=\"color: #1e73be\">\u2588<\/span> Der erste Wahlgang f\u00fcr die <strong>B\u00fcrgermeister*innenwahl in Ottendorf-Okrilla<\/strong> (Landkreis Bautzen) muss wiederholt werden. Grund: Der zweite Wahlgang, der am 29. M\u00e4rz stattfinden sollte, konnte pandemiebedingt nicht stattfinden und auch nicht mehr fristgerecht nachgeholt werden. Daher wird nun auch das Anfang M\u00e4rz erzielte Ergebnis des ersten Durchgangs annulliert. Damals hatte f\u00fcr die AfD Carsten Rybicki 9,5 Prozent der Stimmen erhalten. Noch unklar ist, ob Rybicki, der nicht aus dem Ort kommt und dort auch nicht lebt, erneut antreten will. Der gesamte Wahlvorgang soll am 4. Oktober von Neuem beginnen, ein eventuell erforderlicher zweiter Wahlgang wird am 25. Oktober folgen. (\u21aa <a href=\"https:\/\/www.saechsische.de\/plus\/wahl-ottendorf-5212410.html\">S\u00e4chsische, 09.06.<\/a>)<\/p>\n<hr>\n<p><span style=\"color: #1e73be\">\u2588<\/span> Die AfD ist im <strong>Stadtrat von Leipzig<\/strong> damit gescheitert, einen gemeinsamen Aufruf gegen &#8222;die weitere Ausbreitung des gewaltbereiten Linksextremismus&#8220; zu beschlie\u00dfen. Die anderen Fraktionen kritisierten in der Ratsdebatte das pauschalisierende Vorgehen der AfD, die in dem Zusammenhang auch von &#8222;Linksterrorismus&#8220; sprach, und einigten sich auf einen Appell &#8222;f\u00fcr ein friedliches gesellschaftliches Zusammenleben \u2013 gegen Hass, Gewalt und Hetze&#8220;. Zugleich wurde der Oberb\u00fcrgermeister beauftragt, k\u00fcnftig ein j\u00e4hrliches Lagebild zu Einstellungsmustern der gruppenbezogenen Menschenfeindlichkeit und entsprechenden Vorf\u00e4llen vorzulegen. (\u21aa <a href=\"https:\/\/www.l-iz.de\/politik\/leipzig\/2020\/06\/Der-Stadtrat-tagt-AfD-scheitert-mit-Linksextremismus-Antrag-335256\">L-IZ, 10.06.<\/a>, \u21aa <a href=\"https:\/\/www.lvz.de\/Leipzig\/Lokales\/Linksextremismus-Debatte-im-Leipiger-Stadtrat-wird-zur-Abrechnung-mit-der-AfD\">LVZ, 12.06.<\/a>)<\/p>\n<hr>\n<p><span style=\"color: #1e73be\">\u2588<\/span> Der AfD-Landtagsabgeordnete Carsten H\u00fctter hat sich <strong>gegen Arbeitsk\u00e4mpfe<\/strong> beim Riesaer \u00d6lwerk und im Frosta-Werk in Lommatzsch ausgesprochen. Beide Betriebe im Landkreis Mei\u00dfen wurden am Dienstag bestreikt, die Besch\u00e4ftigten fordern mit Unterst\u00fctzung der Gewerkschaften eine Angleichung der L\u00f6hne in der Lebensmittelindustrie an das West-Niveau. H\u00fctter sagte dazu, mit einer &#8222;v\u00f6lligen Angleichung&#8220; w\u00e4re &#8222;das Ma\u00df \u00fcberzogen&#8220;, die vergleichsweise niedrigen L\u00f6hne bezeichnet er als &#8222;Standortvorteil&#8220;. Der gut bezahlte Abgeordnete ist ein aus Westdeutschland stammender Unternehmer.&nbsp;(\u21aa <a href=\"https:\/\/www.saechsische.de\/plus\/lohnforderung-ist-fern-der-realitaet-streik-huetter-corona-oelwerk-ngg-gewerkschaft-5213595.html\">S\u00e4chsische, 11.06.<\/a>)<\/p>\n<hr>\n<p><span style=\"color: #1e73be\">\u2588<\/span> Der s\u00e4chsische AfD-Landtagsabgeordnete Ren\u00e9 Hein wird k\u00fcnftig dem <strong>Beirat der Ausreisegewahrsams- und Abschiebungshafteinrichtung<\/strong> in Dresden angeh\u00f6ren. An den Beirat k\u00f6nnen sich Betroffene wenden, er fungiert als Mittler zur Leitung der 2018 er\u00f6ffneten Einrichtung. Ein Platz in dem Gremium steht der Landtagsopposition zu, er f\u00e4llt dadurch automatisch an die AfD als gr\u00f6\u00dfte Oppositionsfraktion. Die Benennung und Besetzung erfolgte im Landtagspr\u00e4sidium, unter Ausschluss der \u00d6ffentlichkeit. Auf die Personalie machte zuerst die Dresdner Kontaktgruppe f\u00fcr Menschen in Abschiebehaft aufmerksam. Sie <a href=\"https:\/\/www.abschiebehaftkontaktgruppe.de\/deutsch\/pressemitteilungen\/pm-vom-08-06-2020-personalwechsel-im-beirat-abschiebehaft-afd-entsendet-mitglied\/\">kritisiert die Besetzung<\/a> des Beirats mit einem Mitglied der AfD grunds\u00e4tzlich. (\u21aa <a href=\"https:\/\/www.addn.me\/soziales\/fluechtlingsfeind-soll-abschiebehaftanstalten-in-sachsen-beraten\/\">addn.me, 11.06.<\/a>)<\/p>\n<hr>\n<p><span style=\"color: #1e73be\">\u2588<\/span> Die gro\u00dfe <strong>Corona-Protestwelle<\/strong>, auf der die AfD mitgeschwommen ist, verebbt. Anders als zuvor gab es in dieser Woche nur noch wenige Versammlungen, die auf immer weniger Anklang sto\u00dfen. Am Mittwoch lud die \u00f6rtliche AfD zu einer Kundgebung mit anschlie\u00dfendem &#8222;Spaziergang&#8220; in Pirna (Landkreis S\u00e4chsische Schweiz-Osterzgebirge) ein, angemeldet durch das Stadtratsmitglied Tim Lochner. Rund 80 Menschen \u2013 die Partei z\u00e4hlte 150 \u2013 schlossen sich an und forderten das Ende der bereits weitgehend zur\u00fcckgenommenen Ma\u00dfnahmen zur Eind\u00e4mmung der Pandemie. (\u21aa <a href=\"https:\/\/www.saechsische.de\/plus\/wieder-hygiene-demo-in-pirna-afd-lochner-corona-mundschutz-5213370.html\">S\u00e4chsische, 11.06.<\/a>)<\/p>\n<hr>\n<p><span style=\"color: #1e73be\">\u2588<\/span> Der s\u00e4chsische AfD-Bundestagsabgeordnete <strong>Ulrich Oehme<\/strong>&nbsp;ist auf Kosten des Kremls auf die durch Russland annektierte Halbinsel Krim gereist. Neue Medienrecherchen zeigen, dass Oehme im Jahr 2018 durch den Ausw\u00e4rtigen Ausschuss der Duma bezahlt wurde, um sich als &#8222;Wahlbeobachter&#8220; zu bet\u00e4tigen. Der Politiker lobte daraufhin die auch auf der Krim durchgef\u00fchrte russische Pr\u00e4sidentschaftswahl, die international \u00fcberwiegend nicht anerkannt wird, Deutschland erachtet sie gar als v\u00f6lkerrechtswidrig. Oehme hat die Reise gegen\u00fcber der Bundestagsverwaltung deklariert, beantwortet aber keine Medienanfragen \u00fcber den Ablauf und den Inhalt seiner vorgeblichen Wahlbeobachtung \u2013 er war kein Mitglied der offiziellen Wahlbeobachtermission der OSZE, die zu dieser Zeit t\u00e4tig war. Hinzu kommt: Bei Oehmes Einreise auf die besetzte Krim handelte es sich nach ukrainischem Recht um eine Straftat. Vor Ort war er zumindest zeitweise in Begleitung des extrem rechten Publizisten Manuel Ochsenreiter, der damals Mitarbeiter des AfD-Bundestagsabgeordneten Markus Frohnmaier war. Gegen Ochsenreiter ermittelt die Generelstaatsanwaltschaft Berlin wegen des Verdachts, im Februar 2018 im ukrainischen Uschgorod einen Anschlag auf eine ungarische Kultureinrichtung angestiftet zu haben, unmittelbar vor Oehmes Besuch. Oehme hat in der Vergangenheit immer wieder pro-russische Positionen bezogen. Aktuell bewirbt er sich als Kandidat zur OBM-Wahl in Chemnitz. (\u21aa <a href=\"https:\/\/www.tagesschau.de\/investigativ\/kontraste\/afd-russland-105.html\">Tagesschau, 12.06.<\/a>, \u21aa <a href=\"https:\/\/www.spiegel.de\/politik\/deutschland\/afd-abgeordneter-liess-sich-krim-reise-von-russland-bezahlen-a-00000000-0002-0001-0000-000171527031\">Spiegel, 12.06.<\/a>)<\/p>\n<h3><span style=\"color: #1e73be\">AfD rundherum<\/span><\/h3>\n<p><span style=\"color: #1e73be\">\u2588<\/span> Die <strong>nieders\u00e4chsische AfD-Landesvorsitzende Dana Guth<\/strong> muss um ihren Posten f\u00fcrchten. Seit zwei Jahren f\u00fchrt die Landtagsabgeordnete den Verband an, turnusm\u00e4\u00dfige Neuwahlen werden f\u00e4llig, so bald es m\u00f6glich sein wird, einen Parteitag abzuhalten. Zwar gibt es noch keinen Termin, aber bereits Konkurrenz: Sowohl der Bundestagsabgeordnete Dietmar Friedhoff, als auch dessen Fraktionskollege Jens Kestner wollen Guth verdr\u00e4ngen, die als vergleichsweise gem\u00e4\u00dfigt gilt. Kenstner ist dagegen ein Fl\u00fcgel-Mann, der weniger profilierte Friedhoff ein Zentrist. Ihre Chancen gegen die Amtsinhaberin stehen nicht schlecht, denn ihr fehlt eine solide Machtbasis im Landesverband. Zudem steht die nieders\u00e4chsische AfD mit zuletzt nur noch rund f\u00fcnf Prozent bei Umfragen schlecht da. (\u21aa <a href=\"https:\/\/www.bnr.de\/artikel\/hintergrund\/afd-fl-gel-schl-ge-gegen-landeschefin\">BNR, 09.06.<\/a>)<\/p>\n<hr>\n<p><span style=\"color: #1e73be\">\u2588<\/span> Bundesinnenminister <strong>Horst Seehofer<\/strong> hat seine Neutralit\u00e4tspflicht verletzt, als er auf der Website seines Ministeriums zeitweise ein Interview ver\u00f6ffentlichte, in dem er die AfD als &#8222;staatszersetzend&#8220; bezeichnet. Das hat das Bundesverfassungsgericht entschieden und damit einer Klage der AfD stattgegeben. <a href=\"https:\/\/www.bundesverfassungsgericht.de\/SharedDocs\/Entscheidungen\/DE\/2020\/06\/es20200609_2bve000119.html\">Dem Gericht zufolge<\/a> lag mit der Ver\u00f6ffentlichung ein Versto\u00df gegen die Chancengleichheit der Parteien vor. Kein Problem besteht demnach darin, dass Seehofer in einem Interview mit der <em>Deutschen Presse-Agentur<\/em> im September 2018 die AfD harsch kritisiert hat. Er sprach dabei vordergr\u00fcndig in seiner damaligen Rolle als CSU-Vorsitzender. Da er als Regierungsmitglied zugleich zur Neutralit\u00e4t gegen\u00fcber allen Parteien verpflichtet ist, durfte er den Wortlaut des Interviews jedoch nicht auf einer offiziellen staatlichen Website wiedergeben. Weitere Konsequenzen hat das Urteil nicht, das Interview war bereits nach rund zwei Wochen wieder von der Seite des Ministeriums entfernt worden. (\u21aa <a href=\"https:\/\/www.tagesschau.de\/inland\/seehofer-afd-prozess-101.html\">Tagesschau, 09.06.<\/a>, \u21aa <a href=\"https:\/\/www.tagesspiegel.de\/politik\/bundesverfassungsgericht-urteilt-afd-siegt-mit-klage-gegen-seehofer-interview\/25899254.html\">Tagesspiegel, 09.06.<\/a>, \u21aa <a href=\"https:\/\/www.spiegel.de\/politik\/deutschland\/horst-seehofer-durfte-afd-nicht-staatszersetzend-nennen-a-6c366b3c-36c4-48ee-aa59-1f1fd22dffaf\">Spiegel, 09.06.<\/a>)<\/p>\n<hr>\n<p><span style=\"color: #1e73be\">\u2588<\/span> Der Neonazi Andreas Kalbitz geht mit einem <strong>Eilantrag beim Landgericht Berlin<\/strong> gegen die Annullierung seiner AfD-Mitgliedschaft vor. Mit dem nunmehr eingereichten Antrag auf einstweiligen Rechtsschutz will Kalbitz erreichen, die Mitgliedschaft schnellstm\u00f6glich zur\u00fcckzuerlangen \u2013 und damit auch seinen Sitz im Parteivorstand und seinen Posten als brandenburgischer Landesvorsitzender. Die Mitgliedschaft hat ihm der Bundesvorstand vor einigen Wochen abgesprochen, weil er fr\u00fchere Zugeh\u00f6rigkeiten zu den Republikanern und zur Neonazi-Organisation &#8222;Heimattreue deutsche Jugend&#8220; nicht angegeben haben soll, als er der Partei beitrat. Kalbitz bestreitet, HDJ-Mitglied gewesen zu sein, zudem h\u00e4lt er die gegen ihn angewandte Satzungsregelung f\u00fcr rechtswidrig. Vor kurzem hatte er sich bereits an das Bundesschiedsgericht der Partei gewandt, das ebenfalls eine rasche Entscheidung im Eilverfahren treffen soll. (\u21aa <a href=\"https:\/\/www.rnd.de\/politik\/afd-kalbitz-klagt-gegen-ausschluss-gauland-halt-sich-erneute-bundestags-kandidatur-offen-RNDXS4XCAJD3LPGB57MWP4NA4E.html\">RND, 10.06.<\/a>, \u21aa <a href=\"https:\/\/www.rbb24.de\/politik\/beitrag\/2020\/06\/brandenburg-kalbitz-afd-parteiausschluss-klage-landgericht-berli.html\">RBB, 10.06.<\/a>, \u21aa <a href=\"https:\/\/www.tagesspiegel.de\/berlin\/parteistreit-in-brandenburg-bisheriger-landeschef-kalbitz-klagt-gegen-rauswurf-aus-afd\/25907236.html\">Tagesspiegel, 11.06.<\/a>)<\/p>\n<hr>\n<p><span style=\"color: #1e73be\">\u2588<\/span> Die AfD hat am Donnerstag im Landtag von Sachsen-Anhalt mit einer gezielten Provokation f\u00fcr eine <strong>Unterbrechung der Parlamentssitzung<\/strong> gesorgt. Zum Beginn der Tagung hielten AfD-Abgeordnete Schilder mit Aufschriften wie &#8222;Z\u00e4hle ich auch?&#8220; und &#8222;Z\u00e4hle ich nicht?&#8220; hoch, offenbar gedacht als eine Reaktion auf die &#8222;Black Lives Matter&#8220;-Proteste. Solche Meinungskundgaben in Landtagssitzungen sind jedoch per Hausordnung untersagt. Nachdem die AfD-Abgeordneten der Aufforderung des Landtagspr\u00e4sidiums nicht folgten, die Aktion zu beenden, wurde die Sitzung pausiert. (\u21aa <a href=\"https:\/\/www.mz-web.de\/sachsen-anhalt\/-zaehle-ich-auch---afd-provoziert-mit-plakaten-unterbrechung-der-landtagssitzung-36836422\">MZ, 11.06.<\/a>)<\/p>\n<hr>\n<p><span style=\"color: #1e73be\">\u2588<\/span> Auch nach der Abberufung des neurechten Publizisten Erik Lehnert aus dem Vorstand der <strong>Desiderius-Erasmus-Stiftung (DES)<\/strong> schwelt der Konflikt in der AfD-nahen Organisation weiter. Infolge der umstrittenen Personalentscheidung hat nun das Vorstandsmitglied Jan Moldenhauer die DES-Vorsitzende Erika Steinbach scharf kritisiert und nennt ihr Vorgehen eine &#8222;Bankrotterkl\u00e4rung&#8220;, durch die man sich &#8222;den Spielregeln des politischen Gegners&#8220; unterwerfe. Moldenhauer, ein leitender Mitarbeiter der sachsen-anhaltischen AfD-Fraktion, vertritt in der Stiftungsspitze den v\u00f6lkisch-nationalistischen Parteifl\u00fcgel, dem auch Lehnert nahesteht. Dieser hat seinen Posten verloren, weil Steinbach und weitere Vorstandsmitglieder den Verlust der Gemeinn\u00fctzigkeit des Stiftungsvereins f\u00fcrchten und damit k\u00fcnftige Zug\u00e4nge zu staatlicher F\u00f6rderung gef\u00e4hrdet sehen. Grund: Lehnert ist ein bekannter Exponent des neurechten &#8222;Institut f\u00fcr Staatspolitik&#8220;, das seit kurzem durch Verfassungsschutzbeh\u00f6rden beobachtet wird. (\u21aa <a href=\"https:\/\/www.bnr.de\/artikel\/aktuelle-meldungen\/weiter-zoff-in-afd-stiftung\">BNR, 11.06.<\/a>)<\/p>\n<hr>\n<p><span style=\"color: #1e73be\">\u2588<\/span> Nach der Ver\u00f6ffentlichung umfangreicher Recherchen \u00fcber ein <a href=\"https:\/\/idas.noblogs.org\/?p=2164\">bewaffnetes Prepper-Netzwerk<\/a> aus Burschenschaftern, Reservisten und AfD-Mitarbeitern in Sachsen und Sachsen-Anhalt ist die <strong>sachsen-anhaltische AfD-Landtagsfraktion in die Kritik<\/strong> geraten. In einer Landtagsdebatte wurde sie vor dem Hintergrund der Berichte als der &#8222;parlamentarische Arm des Rechtsextremismus&#8220; bezeichnet. Die Linken-Abgeordnete Henriette Quade sagte dar\u00fcber hinaus, die AfD sei &#8222;nicht nur der parlamentarische Arm des Rechtsextremismus, sondern, das zeigen die Ver\u00f6ffentlichungen, auch der des Rechtsterrorismus&#8220;. Die AfD wies die Vorw\u00fcrfe zur\u00fcck. Die Berichte bezeichnete der parlamentarische Gesch\u00e4ftsf\u00fchrer Robert Farle als &#8222;Fantasie&#8220; und &#8222;alte Zeitungsklamotten&#8220;. Der Fraktionsvorsitzende Oliver Kirchner betonte, dass ein involvierter Fraktionsmitarbeiter inzwischen nicht mehr angestellt sei. Von dessen Gesinnung habe man nichts gewusst. (\u21aa <a href=\"https:\/\/www.volksstimme.de\/sachsenanhalt\/bericht-zu-prepper-netzwerk-scharfe-kritik-an-afd-fraktion\/1591984119000\">Volksstimme, 12.06.<\/a>)<\/p>\n<h3><span style=\"color: #1e73be\">Blauzone<\/span><\/h3>\n<p><span style=\"color: #1e73be\">\u2588<\/span> Mit einem <strong>gemeinsamen Antrag<\/strong> in der Stadtverordnetenversammlung im brandenburgischen Trebbin verhindern die Fraktionen von CDU, SPD, der W\u00e4hlervereinigung \u201eFrischer Wind\/UFW\u201c und der AfD, dass ein im Bau befindliches Feuerwehrgeb\u00e4ude nach Orazio Giamblanco benannt wird. Giamblanco war am 30. September 1996 in der Kleinstadt s\u00fcdlich von Berlin durch Neonazis beinahe erschlagen worden, er ist seitdem pflegebed\u00fcrftig und lebt heute in Bielefeld. Auch auf dessen Wunsch hin wollte die Fraktion \u201eNeue Liste\/Die Partei\u201c eine offizielle Ehrung erreichen. Dieses Ziel ist nun aber unter Mitwirkung der AfD vorerst vom Tisch. Der Mehrheits-Antrag geht zwar auch darauf aus, \u00fcber ein &#8222;Zeichen der Mahnung und Erinnerung&#8220; zu beraten, l\u00e4sst Ausgestaltung und Zeitpunkt aber offen. Bisher gibt es in dem Ort keine offizielle Form des Erinnerns an die Tat, bei der Neonazis italienische Bauarbeiter vertreiben wollten. Zum Umfeld des sp\u00e4ter wegen versuchten Mordes verurteilten Hauptt\u00e4ters geh\u00f6rt der heutige Trebbiner Feuerwehrchef Silvio Kahle, der zugleich der Fraktion &#8222;Frischer Wind\/UFW&#8220; angeh\u00f6rt. (\u21aa <a href=\"https:\/\/www.tagesspiegel.de\/berlin\/gedenken-an-opfer-rechter-gewalt-cdu-spd-und-afd-schreiben-in-trebbin-gemeinsamen-antrag\/25911372.html\">Tagesspiegel, 13.06.<\/a>, \u21aa <a href=\"https:\/\/www.lr-online.de\/nachrichten\/brandenburg\/gedenken-an-rechte-gewalttat_-antrag-mehrerer-fraktionen-47008731.html\">LR, 13.06.<\/a>)<\/p>\n<h3><span style=\"color: #1e73be\">Stimme &amp; Haltung<\/span><\/h3>\n<p><span style=\"color: #1e73be\">\u2588<\/span> Eine <strong>interne Arbeitsgruppe der FDP-Bundestagsfraktion<\/strong> zum k\u00fcnftigen Umgang mit der AfD hat erste Ergebnisse vorgelegt. Demnach will die Fraktion k\u00fcnftig unter anderem darauf achten, bei der Besetzung von Spitzenposten im Parlament, etwa der Bundestagsvizepr\u00e4sident*in, Personalvorschl\u00e4ge der AfD geschlossen abzulehnen. Es soll aus den FDP-Reihen heraus auch keine Zustimmung mehr f\u00fcr Ausschussvorsitzende geben, die durch die AfD vorgeschlagen werden. Die Bildung der FDP-Arbeitsgruppe war eine Reaktion auf die Wahl des FDP-Politikers Thomas Kemmerich zum th\u00fcringischen Ministerpr\u00e4sidenten im Februar. Er war mit Hilfe der AfD ins Amt gekommen und bereits nach wenigen Tagen wieder zur\u00fcckgetreten. (\u21aa <a href=\"https:\/\/www.tagesspiegel.de\/politik\/lehren-aus-dem-thueringer-tabubruch-wie-die-fdp-ihr-afd-problem-loesen-will\/25904514.html\">Tagesspiegel, 11.06.<\/a>)<\/p>\n<h3><span style=\"color: #1e73be\">Hintergrund<\/span><\/h3>\n<p><span style=\"color: #1e73be\">\u2588<\/span> Mit konstruierten Vorw\u00fcrfen betreibt die AfD derzeit <strong>Verleumdungskampagnen<\/strong> gegen den bayrischen Ministerpr\u00e4sidenten Markus S\u00f6der und den Berliner LINKE-Politiker Hakan Ta\u015f. S\u00f6der wird dabei als korrupt dargestellt, gest\u00fctzt auf durch die AfD offenbar gezielt aufgegriffene und unbelegte Beitr\u00e4ge in Telegram-Chats, wonach er und seine Familie sich an der Corona-Pandemie bereichern w\u00fcrden. Gegen Ta\u015f hat die Berliner AfD sogar ein Video produziert und verbreitet. Darin wird Bezug genommen auf eine Unfallfahrt unter Alkoholeinfluss vor zwei Jahren, die f\u00fcr den Politiker angeblich straffrei ausgegangen sei, was jedoch nicht stimmt. Dar\u00fcber hinaus ist die Rede von einer &#8222;Verfolgungsjagd&#8220; mit der Polizei, die es gar nicht gab. S\u00f6der und Ta\u015f wollen juristisch gegen die Falschdarstellungen vorgehen. (\u21aa <a href=\"https:\/\/www.br.de\/nachrichten\/bayern\/konstruierte-vorwuerfe-und-eine-afd-kampagne-gegen-soeder,S11u9Zb\">BR, 11.06.<\/a>, \u21aa <a href=\"https:\/\/taz.de\/AfD-hetzt-mit-Video-gegen-Politiker\/!5692441\/\">TAZ, 12.06.<\/a>)<\/p>\n","protected":false},"excerpt":{"rendered":"<p>Neuwahl in Ottendorf-Okrilla, Scheitern im Leipziger Stadtrat, H\u00fctter gegen Arbeitsk\u00e4mpfe, Hein im Abschiebe-Beirat, einsamer Corona-Protest in Pirna, Russland bezahlt Oehme, Postengerangel in Niedersachsen, Niederlage f\u00fcr Seehofer, Klage von Kalbitz, Provokation in Sachsen-Anhalt, neuer Stunk in der Stiftung, Zusammenarbeit in Trebbin, Abgrenzung bei der FDP, Verleumdungskampagnen. Das war diese Woche wichtig:<\/p>\n","protected":false},"author":14643,"featured_media":1554,"comment_status":"closed","ping_status":"closed","sticky":false,"template":"","format":"standard","meta":{"footnotes":""},"categories":[6],"tags":[],"class_list":["post-2251","post","type-post","status-publish","format-standard","has-post-thumbnail","hentry","category-medien"],"_links":{"self":[{"href":"https:\/\/idas.noblogs.org\/index.php?rest_route=\/wp\/v2\/posts\/2251","targetHints":{"allow":["GET"]}}],"collection":[{"href":"https:\/\/idas.noblogs.org\/index.php?rest_route=\/wp\/v2\/posts"}],"about":[{"href":"https:\/\/idas.noblogs.org\/index.php?rest_route=\/wp\/v2\/types\/post"}],"author":[{"embeddable":true,"href":"https:\/\/idas.noblogs.org\/index.php?rest_route=\/wp\/v2\/users\/14643"}],"replies":[{"embeddable":true,"href":"https:\/\/idas.noblogs.org\/index.php?rest_route=%2Fwp%2Fv2%2Fcomments&post=2251"}],"version-history":[{"count":8,"href":"https:\/\/idas.noblogs.org\/index.php?rest_route=\/wp\/v2\/posts\/2251\/revisions"}],"predecessor-version":[{"id":2259,"href":"https:\/\/idas.noblogs.org\/index.php?rest_route=\/wp\/v2\/posts\/2251\/revisions\/2259"}],"wp:featuredmedia":[{"embeddable":true,"href":"https:\/\/idas.noblogs.org\/index.php?rest_route=\/wp\/v2\/media\/1554"}],"wp:attachment":[{"href":"https:\/\/idas.noblogs.org\/index.php?rest_route=%2Fwp%2Fv2%2Fmedia&parent=2251"}],"wp:term":[{"taxonomy":"category","embeddable":true,"href":"https:\/\/idas.noblogs.org\/index.php?rest_route=%2Fwp%2Fv2%2Fcategories&post=2251"},{"taxonomy":"post_tag","embeddable":true,"href":"https:\/\/idas.noblogs.org\/index.php?rest_route=%2Fwp%2Fv2%2Ftags&post=2251"}],"curies":[{"name":"wp","href":"https:\/\/api.w.org\/{rel}","templated":true}]}}