{"id":2243,"date":"2020-06-13T16:11:06","date_gmt":"2020-06-13T14:11:06","guid":{"rendered":"http:\/\/idas.noblogs.org\/?p=2243"},"modified":"2020-06-14T13:27:21","modified_gmt":"2020-06-14T11:27:21","slug":"in-der-mitte-das-ist-mitte","status":"publish","type":"post","link":"https:\/\/idas.noblogs.org\/?p=2243","title":{"rendered":"&#8222;In der Mitte, das ist Mitte&#8220;"},"content":{"rendered":"<p>Der Landtag ist zur\u00fcck im Normalmodus, am Mittwoch und Donnerstag trat das Plenum zu einer Doppelsitzung in voller St\u00e4rke zusammen. Die AfD nutzte beide Tage, um Forderungen der &#8222;Corona-Proteste&#8220; ins Parlament zu hieven. Erfolg hatte die rechte Fraktion damit nicht. Sie musste viel Spott ertragen \u2013 auch wegen einer bizarren Rede ihres Abgeordneten Norbert Mayer.<!--more--><\/p>\n<p align=\"center\"><span style=\"color: #1e73be\">\u2193<\/span><\/p>\n<h3><span style=\"color: #1e73be\">Mundschutzpflicht bleibt<\/span><\/h3>\n<p>Die erste Niederlage hat die AfD am Mittwochvormittag schon eingefahren, bevor das offizielle Programm begann. Die Fraktion wollte eine der plakativsten Forderungen der sogenannten Corona-Proteste im Parlament verhandeln und die derzeit geltende Pflicht kippen, in \u00f6ffentlichen Verkehrsmitteln und Handelsgesch\u00e4ften eine Schutzmaske zu tragen. Grundlage daf\u00fcr war ein Antrag, dem zufolge eine Schutzwirkung gar nicht belegt sei.<\/p>\n<p>Doch mit ihrer Initiative war die Fraktion zu sp\u00e4t dran, um es auf die Tagesordnung zu schaffen. Rettender Strohhalm in solchen F\u00e4llen ist eine Abstimmung \u00fcber die Dringlichkeit des Anliegens. &#8222;Unabdingbar&#8220; sei das, bemerkte der AfD-Abgeordnete Jan-Oliver Zwerg. Doch an dieser eher d\u00fcrren Begr\u00fcndung zweifelten die anderen Fraktionen. Die CDU verwies darauf, dass wissenschaftliche Studien durchaus den Nutzen von Masken unterstreichen. Sarah Buddeberg von den LINKEN erinnerte au\u00dferdem daran, dass die AfD-Abgeordneten &#8222;in den letzten Wochen bei fast keiner Beratung ohne Mundschutz&#8220; zu sehen waren, zuletzt sogar <a href=\"https:\/\/idas.noblogs.org\/?p=1450\">in schwarz-rot-goldenem Einheitslook<\/a>.<\/p>\n<p>Das war diesmal anders, die AfD-Fraktion erschien durchweg ungesch\u00fctzt, gegen die ausdr\u00fcckliche Bitte des Landtagspr\u00e4sidenten. Wenig \u00fcberraschend: Die Mehrheit des Plenums stimmte gegen die Dringlichkeit und r\u00e4umte das Thema damit ab. Gut in Erinnerung d\u00fcrfte vielen noch gewesen sein, dass die AfD im M\u00e4rz einen \u00e4hnlichen Antrag eingebracht hatte \u2013 damals allerdings mit der gegenteiligen Forderung, m\u00f6glichst weitreichende Schritte zur Eind\u00e4mmung der Pandemie zu ergreifen und die Bev\u00f6lkerung fl\u00e4chendeckend mit Mund-Nasen-Schutz auszustatten.<\/p>\n<h3><span style=\"color: #1e73be\">&#8222;Absurde Angstdebatte&#8220;<\/span><\/h3>\n<p>Einige Stunden sp\u00e4ter war die Pandemie wieder Thema, diesmal anhand eines anderen, immerhin rechtzeitig eingereichten AfD-Antrags, der sich gegen die Einf\u00fchrung einer Corona-Impfpflicht ausspricht. Das ist ein weiterer Schlager der j\u00fcngsten Stra\u00dfenproteste. Das Thema hatte schon vorab <a href=\"https:\/\/idas.noblogs.org\/?p=1964\">f\u00fcr Irritationen gesorgt<\/a>, weil eine solche Impfpflicht von niemandem gefordert und durch die Landesregierung sogar ausgeschlossen wird. Ohnehin fehlt es an einem Impfstoff.<\/p>\n<p>Trotzdem werde eine erzwungene Verabreichung &#8222;durch die Hintert\u00fcr&#8220; geplant, behauptete der AfD-Abgeordnete Thomas Prantl. Man wolle das ganze Land mit einem unzureichend getesteten Arzneimittel &#8222;zwangsbegl\u00fccken&#8220;. Prantl sprach gar von einer &#8222;Erpressung&#8220; der Bev\u00f6lkerung und echauffierte sich schlie\u00dflich unter einigem Gel\u00e4chter, dass eine Impfpflicht \u00fcberhaupt diskutiert wird. &#8222;Wir f\u00fchren hier so eine Debatte gar nicht&#8220;, erwiderte der CDU-Abgeordnete Alexander Dierks. Das mache ausschlie\u00dflich die AfD, die nun sogar ein Thema erfinde, um &#8222;irgendeine absurde Angstdebatte&#8220; zu lancieren. \u00c4hnlich lie\u00df sich Susanne Schaper (LINKE) ein: &#8222;Die AfD selbst ist es, die die Menschen verunsichert, indem sie jeden Quatsch in parlamentarische Initiativen gie\u00dft.&#8220;<\/p>\n<p>Sozialministerin Petra K\u00f6pping (SPD) bekr\u00e4ftigte gegen\u00fcber den Abgeordneten, die das \u00fcberdies bereits schriftlich haben, nochmals, dass eine Impfpflicht nicht ansteht. Eine breite Mehrheit des Parlaments lehnte den AfD-Antrag daraufhin ab. Kaum war dieser Tagesordnungspunkt abgehakt, da sandte die AfD-Fraktion eine Pressemitteilung aus. Im Namen des Abgeordneten Prantl ist darin unver\u00e4ndert die Rede von einer angeblich geplanten &#8222;Corona-Impfpflicht durch die Hintert\u00fcr&#8220; und vor einem wom\u00f6glich sch\u00e4dlichen Impfstoff.<\/p>\n<h3><span style=\"color: #1e73be\">Schwei\u00df, Br\u00f6tchen und Papier<\/span><\/h3>\n<p>Um die Pandemie ging es auch am Donnerstag, dem zweiten Plenartag. &#8222;Wer wird geh\u00f6rt, Herr Ministerpr\u00e4sident?&#8220;, fragte die Linksfraktion in einem Debattenblock, der sich um Gespr\u00e4chsversuche und Demonstrationsvisiten des CDU-Landeschefs drehen sollte. Michael Kretschmer hatte sich in Dresden und Pirna pers\u00f6nlich mit Pandemie-Leugner*innen auseinandergesetzt sowie j\u00fcngst den rechtsradikalen Schriftsteller J\u00f6rg Bernig <a href=\"https:\/\/idas.noblogs.org\/?p=2230\">zum Gespr\u00e4ch empfangen<\/a>. Doch bei Protesten gegen das neue s\u00e4chsische Polizeigesetz, bei den &#8222;Unteilbar&#8220;-Aktionen und den gro\u00dfen &#8222;Black Lives Matter&#8220;-Demos war Kretschmer nicht zu sehen. Fischt der Ministerpr\u00e4sident also lieber am rechten Rand?<\/p>\n<p>Das war eine Frage, die selbst Redner von SPD und Gr\u00fcnen, also zwei der drei Regierungsfraktionen, berechtigt fanden. Gespr\u00e4chsbereitschaft sei gut, es komme aber darauf an, &#8222;mit wem man \u00fcber welche Themen spricht und mit wem man das Gespr\u00e4ch lieber nicht sucht&#8220;, sagte die LINKEN-Innenpolitikerin Kerstin K\u00f6ditz. Sie stellte heraus, dass bei den Protesten gegen die Pandemie-Eind\u00e4mmung abwegige <a href=\"https:\/\/idas.noblogs.org\/?p=1473\">Verschw\u00f6rungserz\u00e4hlungen<\/a> und <a href=\"https:\/\/idas.noblogs.org\/?p=1607\">antisemitische Standpunkte<\/a> verbreiten werden, auch seitens der AfD. Deren Abgeordneter Sebastian Wippel r\u00e4umte das sp\u00e4ter \u00fcberraschend ein. Das bedeute aber nicht, &#8222;dass das die Meinung der Gesamtpartei ist.&#8220; Sein Fraktionskollege Joachim Keiler kochte derweil vor Wut \u00fcber, bis ihm nach mehreren Zwischenrufen eine Ordnungsma\u00dfnahme angedroht wurde. Er hatte quer durch den Raum die Behauptung gebr\u00fcllt, dass ein Gr\u00fcnen-Abgeordneter einen Baseballschl\u00e4ger besitze.<\/p>\n<p>Als dann, immer noch zum gleichen Thema, der AfD-Abgeordnete Norbert Mayer ans Mikrofon trat, bekam der Landtag eine der skurrilsten Reden seit langem zu h\u00f6ren. Sie begann so:<\/p>\n<blockquote>\n<p style=\"padding-left: 40px\">&#8222;Das Volk, das Volk leidet unter der G\u00e4ngelei. Das Volk will f\u00fcr sich selbst sorgen, das Volk will Freiheit. Wenn ich zum B\u00e4cker gehe, dann frage ich die Verk\u00e4uferin dort: Wie f\u00fchlen Sie sich unter der Maske? Und die erz\u00e4hlt mir, dass sie dort sehr schwitzen. Hinten in der B\u00e4ckerei, dort ist der Ofen, der frische Br\u00f6tchen macht. Dort ist es sehr sch\u00f6n warm und wird immer w\u00e4rmer, je mehr Sommer wird. Die Frauen, die schwitzen.&#8220;<\/p>\n<\/blockquote>\n<p>Das Pr\u00e4sidium unterbrach Mayer und forderte ihn auf, sich zum Thema der Debatte zu \u00e4u\u00dfern. Um das zu erleichtern, wurde ihm der komplette Titel noch einmal vorgelesen. Mayer nickte, als h\u00e4tte er verstanden, worum es geht. Dann fuhr er fort:<\/p>\n<blockquote>\n<p style=\"padding-left: 40px\">&#8222;Sie wollen Mitte sein, Herr Ministerpr\u00e4sident. Wo ist Mitte? Das kommt ja aus der Geometrie. Der Begriff Mitte kommt aus der Geometrie. Nehmen Sie mal gedanklich ein Blatt Papier. Falten Sie das mal l\u00e4ngs, mal quer, und dann machen Sie mal die Falten ein biss&#8217;l dicker und dann machen Sie das Blatt auf. Dann sehen Sie, wo sich die Linien kreuzen. In der Mitte, das ist Mitte. Gleicher Abstand zum Rand!&#8220;<\/p>\n<\/blockquote>\n<p>Das funktioniert in Wirklichkeit nur, wenn das Blatt quadratisch ist. Das Pr\u00e4sidium ermahnte den Abgeordneten abermals, zum Thema zur\u00fcckzukehren, sonst m\u00fcsse man ihm das Wort entziehen. Mayer nickte wieder, setzte nochmal neu an. Er wollte gerade auf eine sicherlich erhellende &#8222;Geschichte \u00fcber K\u00f6nig Salomon&#8220; zu sprechen kommen, als seine Redezeit auch schon vor\u00fcber war.<\/p>\n<h3><span style=\"color: #1e73be\">Kein Extra-Ausschuss f\u00fcr die AfD<\/span><\/h3>\n<p>Kurz vor dem Ende des zweiten Sitzungstages wollte es die AfD dann noch ein letztes Mal mit dem Corona-Thema probieren. Der Versuch endete, wie alles begann: mit einer deutlichen Abfuhr. Die Fraktion wollte das Plenum \u00fcberzeugen, einen speziellen Ausschuss namens &#8222;Corona-Krise&#8220; einzurichten, in dem &#8222;alle relevanten Themen und Initiativen&#8220; zur Pandemie zusammengef\u00fchrt werden. AfD-Chef J\u00f6rg Urban begr\u00fcndete das damit, dass die parlamentarische Arbeit in den letzten Wochen nur eingeschr\u00e4nkt funktioniert habe. Die Regierung habe dem Landtag &#8222;\u00fcber Wochen und Monate&#8220; wichtige Informationen vorenthalten.<\/p>\n<p>W\u00e4re die Opposition \u2013 Urban meint die AfD \u2013 eingebunden worden, h\u00e4tten &#8222;Fehlentscheidungen&#8220; wie etwa &#8222;das H\u00fc und Hott mit der Schutzmaskenpflicht&#8220; vermieden werden k\u00f6nnen. Jetzt seien gar &#8222;die Grundlagen der parlamentarischen Demokratie&#8220; in Gefahr geraten, behauptete er. Sein Kollege Jan-Oliver Zwerg setzte wenig sp\u00e4ter mit der Behauptung nach, die Regierung habe zur Eind\u00e4mmung der Pandemie &#8222;irgendwelche Vorgaben erfunden&#8220;. Das w\u00e4re zu vermeiden gewesen, h\u00e4tte man die AfD mit ins Boot genommen.<\/p>\n<p>Diese Vorw\u00fcrfe seien &#8222;absolut unbegr\u00fcndet&#8220;, konterte der CDU-Abgeordnete Stephan Meyer. Auch in der Krise sei der Landtag funktionsf\u00e4hig geblieben, befasse sich in den jeweiligen Fachaussch\u00fcssen mit den Folgen der Pandemie &#8222;in allen Facetten&#8220;. Ein Extra-Ausschuss bringe daher &#8222;keinen Mehrwert&#8220;, schloss sich Valentin Lippmann (Gr\u00fcne) an. Er vermutete ein &#8222;schlechtes Ablenkungsman\u00f6ver der AfD von der eigenen Unf\u00e4higkeit und Unverantwortlichkeit.&#8220; Sabine Friedel (SPD) bekr\u00e4ftigte das und rekapitulierte daf\u00fcr die vergangenen Krisenwochen im Landtag. Es habe regelm\u00e4\u00dfige Treffen der Fraktionsspitzen mit dem Landtagspr\u00e4sidenten gegeben, die AfD sei immer voll eingebunden gewesen und k\u00f6nne jederzeit ihre Themen in die regul\u00e4ren Aussch\u00fcsse tragen. Dort allerdings, wo es keine Zuschauer*innen gibt, seien die AfD-Aktivit\u00e4ten \u201eziemlich auf dem Nullpunkt&#8220;.<\/p>\n<h3><span style=\"color: #1e73be\">Fraktion droht mit Untersuchungsausschuss<\/span><\/h3>\n<p>Klares Ergebnis der Abstimmung: Einen zus\u00e4tzlichen Ausschuss wird es nicht geben. Wom\u00f6glich wird sich die AfD damit aber nicht abfinden. Vor einigen Tagen diktierte die Fraktion der <i>Freien Presse<\/i> in den Block, dass man notfalls einen Untersuchungsausschuss erzwingen werde, wenn der Landtag nicht mitzieht. Die Forderung nach einem solchen Gremium zirkuliert seit einer Weile bei den AfD-nahen Protesten gegen die Eind\u00e4mmung der Pandemie und schaffte es nun auch in die Zeitung. Das war, ganz ohne Zweifel, ein gro\u00dfer PR-Erfolg.<\/p>\n<p>Doch er k\u00f6nnte sich als Luftnummer entpuppen. Die AfD-Fraktion hat bereits <a href=\"https:\/\/idas.noblogs.org\/?p=1707\">einen anderen Untersuchungsausschuss eingerichtet<\/a> und ist damit &#8222;gnadenlos \u00fcberfordert&#8220;, wie am Donnerstag zu h\u00f6ren war. Die Einsetzung k\u00f6nnte die AfD-Fraktion, wenn sie wollte, ganz ohne fremde Hilfe bewerkstelligen, sie h\u00e4tte dann sogar Zugriff auf den Ausschussvorsitz. Doch bisher liegt daf\u00fcr kein Antrag vor. Die anderen Fraktionen, so ist reihum zu h\u00f6ren, f\u00fcrchten das auch nicht. Denn ein Untersuchungsausschuss, da ist das Gesetz eindeutig, kann nur Vorg\u00e4nge untersuchen, die abgeschlossen sind.<\/p>\n<p>Das Krisenmanagement in der Pandemie k\u00f6nnte folglich erst dann untersucht werden, wenn die Krise vor\u00fcber ist. Nur die AfD glaubt, dass es schon so weit ist. Ihre Redner*innen sprachen daher in dieser Woche, wo immer m\u00f6glich, von der &#8222;sogenannten&#8220; Pandemie.<\/p>\n","protected":false},"excerpt":{"rendered":"<p>Der Landtag ist zur\u00fcck im Normalmodus, am Mittwoch und Donnerstag trat das Plenum zu einer Doppelsitzung in voller St\u00e4rke zusammen. Die AfD nutzte beide Tage, um Forderungen der &#8222;Corona-Proteste&#8220; ins Parlament zu hieven. Erfolg hatte die rechte Fraktion damit nicht. Sie musste viel Spott ertragen \u2013 auch wegen einer bizarren Rede ihres Abgeordneten Norbert Mayer.<\/p>\n","protected":false},"author":14643,"featured_media":1709,"comment_status":"closed","ping_status":"closed","sticky":false,"template":"","format":"standard","meta":{"footnotes":""},"categories":[11],"tags":[],"class_list":["post-2243","post","type-post","status-publish","format-standard","has-post-thumbnail","hentry","category-landtagsreport"],"_links":{"self":[{"href":"https:\/\/idas.noblogs.org\/index.php?rest_route=\/wp\/v2\/posts\/2243","targetHints":{"allow":["GET"]}}],"collection":[{"href":"https:\/\/idas.noblogs.org\/index.php?rest_route=\/wp\/v2\/posts"}],"about":[{"href":"https:\/\/idas.noblogs.org\/index.php?rest_route=\/wp\/v2\/types\/post"}],"author":[{"embeddable":true,"href":"https:\/\/idas.noblogs.org\/index.php?rest_route=\/wp\/v2\/users\/14643"}],"replies":[{"embeddable":true,"href":"https:\/\/idas.noblogs.org\/index.php?rest_route=%2Fwp%2Fv2%2Fcomments&post=2243"}],"version-history":[{"count":7,"href":"https:\/\/idas.noblogs.org\/index.php?rest_route=\/wp\/v2\/posts\/2243\/revisions"}],"predecessor-version":[{"id":2250,"href":"https:\/\/idas.noblogs.org\/index.php?rest_route=\/wp\/v2\/posts\/2243\/revisions\/2250"}],"wp:featuredmedia":[{"embeddable":true,"href":"https:\/\/idas.noblogs.org\/index.php?rest_route=\/wp\/v2\/media\/1709"}],"wp:attachment":[{"href":"https:\/\/idas.noblogs.org\/index.php?rest_route=%2Fwp%2Fv2%2Fmedia&parent=2243"}],"wp:term":[{"taxonomy":"category","embeddable":true,"href":"https:\/\/idas.noblogs.org\/index.php?rest_route=%2Fwp%2Fv2%2Fcategories&post=2243"},{"taxonomy":"post_tag","embeddable":true,"href":"https:\/\/idas.noblogs.org\/index.php?rest_route=%2Fwp%2Fv2%2Ftags&post=2243"}],"curies":[{"name":"wp","href":"https:\/\/api.w.org\/{rel}","templated":true}]}}