{"id":1867,"date":"2020-05-24T13:39:30","date_gmt":"2020-05-24T11:39:30","guid":{"rendered":"http:\/\/idas.noblogs.org\/?p=1867"},"modified":"2020-05-24T13:39:30","modified_gmt":"2020-05-24T11:39:30","slug":"presseschau-21-kalenderwoche-2020","status":"publish","type":"post","link":"https:\/\/idas.noblogs.org\/?p=1867","title":{"rendered":"Presseschau, 21. Kalenderwoche 2020"},"content":{"rendered":"<p>R\u00fcckl\u00e4ufige Proteste gegen die Pandemie-Eind\u00e4mmung, Wahltermin in Chemnitz, Rechtsstreit mit Lars Herrmann, neues Ratsmitglied in Lossatal, Macht in Pirna, Neubesetzung in Auerbach, Rostocker Kreisvorstand abgesetzt, weniger Befugnisse in Berlin, Abwahlantrag in Bayern, IfS wieder gemeinn\u00fctzig, s\u00e4chsische CDU gegen Rundfunkgeb\u00fchren-Erh\u00f6hung, B\u00fcrgermeister dank AfD-Stimme. Das war diese Woche wichtig:<!--more--><\/p>\n<p align=\"center\"><span style=\"color: #1e73be\">\u2193<\/span><\/p>\n<hr>\n<p><code>In der Presseschau informiert <i>idas<\/i> jeden Sonntag \u00fcber lesenswerte Medienberichte und Recherchen rund um die AfD, die im Laufe der Woche erschienen sind.<\/code><\/p>\n<hr>\n<h3><span style=\"color: #1e73be\">AfD in Sachsen<\/span><\/h3>\n<p><span style=\"color: #1e73be\">\u2588<\/span> Die s\u00e4chsische AfD hat sich <a href=\"https:\/\/idas.noblogs.org\/?p=1742\">wie bereits in den Vorwochen<\/a> an verschiedenen Protestveranstaltungen gegen Ma\u00dfnahmen zur Eind\u00e4mmung der <strong>Corona-Pandemie<\/strong> beteiligt und sie zum Teil selbst organisiert. Langsam ist die Luft raus, denn die Zahl der Versammlungen und auch der Teilnehmenden ist r\u00fcckl\u00e4ufig:<\/p>\n<ul>\n<li style=\"list-style-type: none\">\n<ul>\n<li>Am Montag f\u00fchrte die AfD einen Aufzug in <strong>Eilenburg<\/strong> (Landkreis Nordsachsen) durch. In <strong>D\u00f6beln<\/strong> (Landkreis Mittelsachsen) nahmen AfD-Anh\u00e4nger*innen an einem Demonstrationszug teil, an dem sich auch die NPD beteiligte. In der Landeshauptstadt <strong>Dresden<\/strong> formierte sich im Anschluss an eine <a href=\"https:\/\/idas.noblogs.org\/?p=1768\">Pegida-Kundgebung<\/a> ein unangemeldeter Protestzug durch die Innenstadt, auch AfD-Stadtratsmitglieder liefen mit. In <strong>Riesa<\/strong> (Landkreis Mei\u00dfen) fand eine Kundgebung statt, die durch den Landtagsabgeordneten Carsten H\u00fctter beworben und durch Enrico Barth angemeldet worden ist, der f\u00fcr die Partei als B\u00fcrgermeister im nahe gelegenen Stauchitz kandidiert. Einer Kundgebung in <strong>Gro\u00dfenhain<\/strong> (Landkreis Mei\u00dfen) schloss sich unter anderem der AfD-Landtagsabgeordnete Mario Beger an. Zu einem kleinen Aufzug kam es schlie\u00dflich in <strong>Oelsnitz<\/strong> (Vogtlandkreis). Das Ende war skurril, wie die <i>Freie Presse<\/i> notiert: &#8222;Zum Schluss gab es auf dem Marktplatz ein gemeinsames St\u00e4ndchen zum 50. Geburtstag des Oelsnitzer Fahrradh\u00e4ndlers und AfD-Stadtrats Frieder J\u00e4ckel.&#8220;<br \/>\n<hr>\n<\/li>\n<li>Am Mittwoch wurde ein Infostand des \u00f6rtlichen AfD-Kreisverbandes zum Anlaufpunkt in <strong>Penig<\/strong> (Landkreis Mittelsachsen).<br \/>\n<hr>\n<\/li>\n<li>Am Freitag fand in <strong>Kamenz<\/strong> (Landkreis Bautzen) eine AfD-Kundgebung statt, der Bundestagsabgeordnete Karsten Hilse hielt dort eine Rede. Eine Kundgebung gab es auch in <strong>Aue<\/strong> (Erzgebirgskreis), angemeldet durch die NPD. Als Redner traten unter anderem das \u00f6rtliche Stadtratsmitglied Lars Bochmann sowie Matthias Henke auf, der im L\u00f6\u00dfnitzer Stadtrat sitzt. Beide sind nach eigenen Angaben parteilos, waren bei der Kommunalwahl aber auf AfD-Listen angetreten.<br \/>\n<hr>\n<\/li>\n<li>Am Samstag folgte eine AfD-Kundgebung in der Kreisstadt <strong>Bautzen,<\/strong> auch dort war Hilse anwesend, au\u00dferdem der Landesvorsitzende J\u00f6rg Urban. In <strong>Plauen<\/strong> (Vogtlandkreis) fand ein unangemeldeter &#8222;Spaziergang&#8220; statt, an dem unter anderem der AfD-Landtagsabgeordnete Frank Schaufel teilnahm. Vor Ort waren au\u00dferdem Anh\u00e4nger*innen der Neonazipartei &#8222;Der III. Weg&#8220;.<br \/>\n<hr>\n<\/li>\n<li>F\u00fcr den heutigen Sonntag ist eine AfD-Versammlung in <strong>L\u00f6bau<\/strong> geplant, organisiert wird sie durch die Regionalgruppe der Partei.<\/li>\n<\/ul>\n<\/li>\n<\/ul>\n<p>(\u21aa <a href=\"https:\/\/www.saechsische.de\/plus\/spaziergaenger-in-doebeln-und-leisnig-5205747.html\">S\u00e4chsische, 18.05.<\/a>, \u21aa <a href=\"https:\/\/www.saechsische.de\/plus\/pegida-kritisiert-die-auflagen-andere-gehen-still-spazieren-5205756.html\">S\u00e4chsische, 18.05.<\/a>, \u21aa <a href=\"https:\/\/www.saechsische.de\/plus\/grossenhain-coronaprotest-spaziergaenge-5205746.html\">S\u00e4chsische, 18.05.<\/a>, \u21aa <a href=\"https:\/\/www.lvz.de\/Region\/Die-AfD-in-Eilenburg-und-ihre-eigene-Wahrheit\">LVZ, 19.05.<\/a>, \u21aa <a href=\"https:\/\/www.dnn.de\/Dresden\/Lokales\/Pegida-in-Dresden-Demo-und-Spaziergang-gegen-Massnahmen-zur-Corona-Eindaemmung\">DNN, 19.05.<\/a>, \u21aa <a href=\"https:\/\/www.saechsische.de\/plus\/geteiltes-demogeschehen-in-riesa-5205836.html\">S\u00e4chsische, 19.05.<\/a>, \u21aa <a href=\"https:\/\/www.freiepresse.de\/vogtland\/reichenbach\/erneut-proteste-in-mehreren-staedten-artikel10823182\">FP, 19.05.<\/a>, \u21aa <a href=\"https:\/\/www.freiepresse.de\/mittelsachsen\/rochlitz\/50-teilnehmer-rund-um-infostand-auf-dem-peniger-markt-artikel10827166\">FP, 20.05.<\/a>, \u21aa <a href=\"https:\/\/www.saechsische.de\/wieder-demo-in-zittau-angekuendigt-5206316.html\">S\u00e4chsische, 22.05.<\/a>, \u21aa <a href=\"https:\/\/www.freiepresse.de\/erzgebirge\/aue\/kundgebung-gegen-auflagen-versammlung-in-aue-laeuft-diesmal-ruhig-ab-artikel10830370\">FP, 22.05.<\/a>, \u21aa <a href=\"https:\/\/www.saechsische.de\/plus\/corona-protest-bautzen-bischofswerda-kamenz-afd-5207229.html\">S\u00e4chsische, 23.05.<\/a>, \u21aa <a href=\"https:\/\/www.freiepresse.de\/vogtland\/plauen\/erneut-protest-gegen-corona-auflagen-in-plauen-artikel10833530\">FP, 23.05.<\/a>)<\/p>\n<hr>\n<p><span style=\"color: #1e73be\">\u2588<\/span> F\u00fcr die <strong>Wahl einer Oberb\u00fcrgermeister*in in Chemnitz<\/strong> wurde der 20. September als neuer Termin des ersten Wahlgangs festgelegt. Da der urspr\u00fcnglich geplante Termin pandemiebedingt nicht zu halten war, musste der Stadtrat ein anderes Datum finden. Ein wom\u00f6glich erforderlicher zweiter Wahlgang wird demnach am 11. Oktober erfolgen. F\u00fcr die AfD kandidiert der Bundestagsabgeordnete Ulrich Oehme. (\u21aa <a href=\"https:\/\/www.freiepresse.de\/chemnitz\/stadtrat-legt-fest-chemnitz-waehlt-am-20-september-neues-stadtoberhaupt-artikel10824546\">FP, 19.05.<\/a>)<\/p>\n<hr>\n<p><span style=\"color: #1e73be\">\u2588<\/span> Der <strong>Bundestagsabgeordnete Lars Herrmann<\/strong>, der im Dezember 2019 aus der AfD ausgetreten ist, streitet sich mit seinem ehemaligen Kreisverband vor Gericht. Am Dienstag fand ein erster Verhandlungstermin am Amtsgericht Borna statt. Der Kreisverband Landkreis Leipzig fordert von Herrmann insgesamt 4.500 Euro ein, die sogenannte Mandatstr\u00e4gerabgabe, die der Abgeordnete von April bis Dezember 2019 nicht an den Verband abgef\u00fchrt hatte. Die Klage kommt von Herrmann selbst: Er meint, dass das Geld dem Landesverband zusteht, nicht dem Kreisverband. Ihn hatte er einst selbst angeleitet, mit der neuen F\u00fchrung lag er dann \u00fcber Kreuz. Seinen Austritt aus Partei und Fraktion begr\u00fcndete der Bundespolizist letztlich mit der Machtstellung des verfassungsfeindlichen Fl\u00fcgels. Das Gericht will bis 26. Juni eine Entscheidung finden. (\u21aa <a href=\"https:\/\/www.lvz.de\/Region\/Borna\/Bundestagsabgeordneter-streitet-vor-Gericht-mit-AfD-Kreisverband-um-Beitraege\">LVZ, 19.05.<\/a>)<\/p>\n<hr>\n<p><span style=\"color: #1e73be\">\u2588<\/span> Im <strong>Gemeinderat von Lossatal<\/strong> (Landkreis Leipzig) ist Ren\u00e9 Falk als neues Mitglied verpflichtet worden. Falk ist Nachr\u00fccker f\u00fcr Jens Zaunick, der sein Mandat k\u00fcrzlich niedergelegt hat, da er in einen Rechtsstreit mit dem kommunalen Wirtschaftsbetrieb verwickelt ist. Bei mehreren Ratsversammlungen hatte Zaunick zudem unentschuldigt gefehlt. (\u21aa <a href=\"https:\/\/www.lvz.de\/Region\/Wurzen\/Mitte-Juni-startet-Kita-Ersatzneubau-in-Falkenhain\">LVZ, 20.05.<\/a>)<\/p>\n<hr>\n<p><span style=\"color: #1e73be\">\u2588<\/span> Im <strong>Stadtrat von Pirna<\/strong> (Landkreis S\u00e4chsische Schweiz-Osterzgebirge) hat die AfD gemeinsam mit den Freien W\u00e4hlern eine Mehrheit. Die rechte Vormacht hat konkrete Folgen, das sah man zuletzt, als auf AfD-Initiative F\u00f6rdermittel f\u00fcr den Zivilgesellschafts-Verein &#8222;Aktion Zivilcourage&#8220; gek\u00fcrzt wurden. Selbst die CDU bedauert diese Entscheidung. Weitere Reibungen sind schon vorprogrammiert, wenn der Stadtrat in diesem Jahr den n\u00e4chsten Doppelhaushalt beschlie\u00dft \u2013 hier sind erneut Streichungen nach Wunsch der AfD zu bef\u00fcrchten. So viel Einfluss hat die Partei nicht \u00fcberall: In Chemnitz beispielsweise versucht sie ebenfalls, den Rotstift bei F\u00f6rdermitteln anzusetzen, kann dort aber keine Mehrheiten organisieren. (\u21aa <a href=\"https:\/\/www.mdr.de\/sachsen\/dresden\/freital-pirna\/kommunalwahlen-pirna-chemnitz-afd-ein-jahr-100.html\">MDR, 21.05.<\/a>)<\/p>\n<hr>\n<p><span style=\"color: #1e73be\">\u2588<\/span> Nach dem Ausscheiden des bisherigen AfD-Ratsmitglieds Frank Schr\u00f6ter aus dem <strong>Stadtrat von Auerbach<\/strong> (Vogtlandkreis) sind mehrere Aussch\u00fcsse des Gremiums neu besetzt worden. So wird k\u00fcnftig Tilman Matheja f\u00fcr die AfD im Ausschuss f\u00fcr Bildung, Kultur, Sport und Tourismus sitzen, sein Parteifreiund Jens Bunzel wird in den Aufsichtsrat der kommunalen Wohnungsbaugesellschaft einziehen. Zur Kommunalwahl im vergangen Jahr hatte die AfD vier Sitze im Stadtrat errungen, der einzige m\u00f6gliche Nachr\u00fccker ist jedoch erkrankt, sodass die Fraktion auf nur noch drei Mitglieder geschrumpft ist. (\u21aa <a href=\"https:\/\/www.freiepresse.de\/nachr-cker-f-r-afd-rat-gew-hlt-artikel10828798\">FP, 22.05.<\/a>)<\/p>\n<h3><span style=\"color: #1e73be\">AfD rundherum<\/span><\/h3>\n<p><span style=\"color: #1e73be\">\u2588<\/span> Der AfD-Landesvorstand in Mecklenburg-Vorpommern hat den gesamten <strong>Rostocker Kreisvorstand abgesetzt<\/strong>. Dem Stadtverband wird vorgeworfen, gegen Beschl\u00fcsse der Landespartei versto\u00dfen, eine &#8222;willk\u00fcrliche Praxis bei der Mitgliederaufnahme&#8220; betrieben und zahlreiche Aufnahmeantr\u00e4ge gar nicht bearbeitet zu haben. Insbesondere soll man Neumitglieder bevorzugt haben, die sich gegen den aktuellen Landesvorsitzenden Leif-Erik Holm stellen. Dieser geh\u00f6rt nicht zum Rechtsau\u00dfen-Fl\u00fcgel der Partei. Die Rostocker AfD wirft Holm nun vor, &#8222;unliebsame parteiinterne Kritiker kaltzustellen&#8220; und eine &#8222;S\u00e4uberungswelle&#8220; zu betreiben. Aus Rostocker Sicht h\u00e4nge das mit einer Positionierung des Kreisverbandes zugunsten von Andreas Kalbitz zusammen. Tats\u00e4chlich sind die Verwerfungen in der MV-AfD aber schon etwas \u00e4lter, seit Wochen fordern die Kreisverb\u00e4nde Rostock, Vorpommern-R\u00fcgen und S\u00fcdwestmecklenburg die Einberufung eines Sonderparteitag, um verschiedene Entscheidungen des Landesvorstands zu kassieren. In den drei Verb\u00e4nden ist knapp die H\u00e4lfte aller Mitglieder der Landespartei organisiert \u2013 Holm widersteht den Forderungen bisher. (\u21aa <a href=\"https:\/\/www.ostsee-zeitung.de\/Nachrichten\/MV-aktuell\/Die-AfD-in-MV-zerlegt-sich-selbst\">OZ, 22.05.<\/a>, \u21aa <a href=\"https:\/\/www.nordkurier.de\/mecklenburgische-schweiz\/afd-landesvorstand-setzt-rostocker-kreisvorstand-ab-2239456305.html\">Nordkurier, 22.05.<\/a>)<\/p>\n<hr>\n<p><span style=\"color: #1e73be\">\u2588<\/span> Die <strong>AfD-Fraktion im Abgeordnetenhaus von Berlin<\/strong> hat ihrem Parlamentarischen Gesch\u00e4ftsf\u00fchrer Frank-Christian Hansel die Zust\u00e4ndigkeit f\u00fcr s\u00e4mtliche Finanz- und Personalangelegenheiten entzogen. Am vergangenen Dienstag traf eine knappe Mehrheit der Abgeordneten die Entscheidung. Abgew\u00e4hlt wird Hansel demnach nicht, jedoch sind seine Kompetenzen damit stark beschnitten. Hintergrund soll der intransparente Umgang mit Fraktionsgeldern sein. Hansel gilt als enger Vertrauter des Fraktionschefs Georg Pazderski, der einer der wichtigsten Unterst\u00fctzer des Parteivorsitzenden J\u00f6rg Meuthen ist. (\u21aa <a href=\"https:\/\/www.morgenpost.de\/berlin\/article229171550\/AfD-Fraktion-streitet-ueber-Finanzen.html\">Berliner Morgenpost, 23.05.<\/a>)<\/p>\n<hr>\n<p><span style=\"color: #1e73be\">\u2588<\/span> Die <strong>AfD-Landtagsfraktion in Bayern<\/strong> will einen Teil ihres Fraktionsvorstands abw\u00e4hlen. Derzeit wird ein entsprechender Antrag vorbereitet, der sich gegen die beiden Fraktionsvorsitzenden Katrin Ebner-Steiner und Ingo Hahn sowie den stellvertretenden Parlamentarischen Gesch\u00e4ftsf\u00fchrer Ferdinand Mang richtet. Bislang haben zw\u00f6lf der insgesamt 20 AfD-Abgeordneten den Antrag unterzeichnet, damit entzieht mehr als die H\u00e4lfte der Fraktion ihrer eigenen Spitze das Vertrauen. Bei einer Fraktionssitzung am kommenden Mittwoch soll abgestimmt werden. Eine offizielle Verlautbarung zu den Gr\u00fcnden des aktuellen Zwists gibt es nicht, Ebner-Steiners F\u00fchrungsstil wird intern aber schon l\u00e4nger kritisiert. Sie gilt als Fl\u00fcgel-Anh\u00e4ngerin und Vertraute Bj\u00f6rn H\u00f6ckes. Anscheinend gibt es nunmehr auch Friktionen im eigenen Lager: Einige der Abgeordneten, die den Abwahlantrag mittragen, galten bislang selbst als Fl\u00fcgel-nah. (\u21aa <a href=\"https:\/\/www.br.de\/nachrichten\/bayern\/bayerische-afd-abwahlantrag-gegen-die-fraktionschefs,Rzq5EK8\">BR, 23.05.<\/a>, \u21aa <a href=\"https:\/\/www.br.de\/nachrichten\/bayern\/aufstand-gegen-afd-fraktionschefs-im-bayerischen-landtag,RzqIC27\">BR, 23.05.<\/a>, \u21aa <a href=\"https:\/\/www.merkur.de\/politik\/afd-bayern-katrin-ebner-steiner-ingo-hahn-abwahl-fraktionsvorsitzende-ferdinand-mang-umfrage-zr-13773922.html\">Merkur, 24.05.<\/a>)<\/p>\n<h3><span style=\"color: #1e73be\">Blauzone<\/span><\/h3>\n<p><span style=\"color: #1e73be\">\u2588<\/span> Der Tr\u00e4gerverein des neurechten <strong>Institut f\u00fcr Staatspolitik (IfS) ist wieder gemeinn\u00fctzig<\/strong>. Zur\u00fcckliegend hatte das \u00f6rtlich zust\u00e4ndige Finanzamt Merserburg dem IfS, das durch das Bundesamt f\u00fcr Verfassungsschutz als &#8222;rechtsextremistischer Verdachtsfall&#8220; eingestuft wurde, die Gemeinn\u00fctzigkeit entzogen. Dagegen klagte der Verein vor dem Finanzgericht des Landes Sachsen-Anhalt und erhielt Recht. Die Entscheidung war bislang nicht \u00f6ffentlich bekannt. Der Verein gibt die Zeitschrift <em>Sezession<\/em> des neurechten Publizisten G\u00f6tz Kubitschek heraus, an der gleichen Adresse ist auch dessen Antaios-Verlag ans\u00e4ssig. Kubitschek ist eine zentrale Bezugsperson der v\u00f6lkisch-nationalistischen Kr\u00e4fte in der AfD. (\u21aa <a href=\"https:\/\/www.zeit.de\/politik\/deutschland\/2020-05\/neue-rechte-rechtsextremismus-denkfabrik-goetz-kubitschek\">Zeit, 14.05.<\/a>)<\/p>\n<hr>\n<p><span style=\"color: #1e73be\">\u2588<\/span> Noch in diesem Jahr soll die <strong>Rundfunkgeb\u00fchr,<\/strong> die jeder Haushalt entrichten muss, steigen \u2013 von 17,50 Euro auf 18,36 Euro pro Monat. Es w\u00e4re die erste Erh\u00f6hung seit rund zehn Jahren, vorausgesetzt, dass alle Bundesl\u00e4nder zustimmen. Bisher galt es als sicher, dass es so kommen wird; lediglich die AfD opponiert grunds\u00e4tzlich gegen den \u00f6ffentlich-rechtlichen Rundfunk, sie kann die Erh\u00f6hung aber alleine nicht verhindern. Nun werden jedoch Stimmen in der s\u00e4chsischen Union laut, die sich ebenfalls gegen die Erh\u00f6hung richten. Vorgeprescht ist der medienpolitische Sprecher der CDU-Landtagsfraktion Andreas Nowak: Das Thema sei &#8222;intensiv bei uns in den Wahlkreisb\u00fcros pr\u00e4sent&#8220;, dies habe mit der Positionierung der AfD aber angeblich nichts zu tun. Nowak st\u00f6rt sich nach eigenen Angaben an inhaltlichen \u00c4u\u00dferungen einzelner ARD-Journalist*innen, etwa des Monitor-Chefredakteurs Georg Restle. Auch die pandemiebedingte Wirtschaftsflaute spiele eine Rolle bei der Meinungsbildung der CDU-Fraktion, so Nowak. Mitglied der Fraktion ist auch Michael Kretschmer, der s\u00e4chsische Ministerpr\u00e4sident. Kretschmer hatte sich bereits f\u00fcr die Erh\u00f6hung ausgesprochen, seine Staatskanzlei koordiniert zudem die Medienpolitik der unionsgef\u00fchrten Bundesl\u00e4nder. (\u21aa <a href=\"https:\/\/www.deutschlandfunk.de\/saechsischer-landtag-gerangel-um-den-rundfunkbeitrag.2907.de.html?dram:article_id=476969\">Dlf, 19.05.<\/a>)<\/p>\n<hr>\n<p><span style=\"color: #1e73be\">\u2588<\/span> Im mittelfr\u00e4nkischen H\u00f6chstadt an der Aisch (Landkreis Erlangen-H\u00f6chstadt) ist am Montag vor einer Woche der SPD-Kommnunalpolitiker G\u00fcnter Schulz <strong>mit Hilfe der AfD zum Zweiten B\u00fcrgermeister der Stadt gew\u00e4hlt<\/strong> worden. Bei der geheimen Abstimmung im Stadtrat erhielt er eine Stimme mehr, als erwartet, uns sie war wahlentscheidend. Inzwischen offenbarte sich Christian Be\u00dfler, der einzige AfD-Vertreter im Gremium, dass er den SPD-Mann gew\u00e4hlt habe. Auch beim Dritten B\u00fcrgermeister, Axel Rogner von der Jungen Liste (JL), die zu den Freien W\u00e4hlern geh\u00f6rt, war das Abstimmungsergebnis das gleiche \u2013 und offenbar war auch hier die AfD-Stimme ausschlaggebend. Die beiden Gew\u00e4hlten haben es abgelehnt, ihre \u00c4mter wieder abzugeben. Die bayrische SPD bereitet jetzt ein Ordnungsverfahren gegen ihr Mitglied Schulz vor, Ziel ist der Parteiausschluss. Rogner erf\u00e4hrt dagegen keine vergleichbare Kritik aus seiner Partei. (\u21aa <a href=\"https:\/\/www.sueddeutsche.de\/bayern\/kommunalwahl-bayern-bayreuth-hoechstadt-afd-1.4911328\">SZ, 19.05.<\/a>, \u21aa <a href=\"https:\/\/www.br.de\/nachrichten\/bayern\/im-amt-mit-afd-stimme-stellvertretende-buergermeister-bleiben,RzOx4jM\">BR, 19.05.<\/a>, \u21aa <a href=\"https:\/\/www.bayerische-staatszeitung.de\/staatszeitung\/kommunales\/detailansicht-kommunales\/artikel\/hoechstaedter-spd-stadtrat-laesst-sich-von-afd-zum-2-buergermeister-kueren.html#topPosition\">BSZ, 19.05.<\/a>, \u21aa <a href=\"https:\/\/www.welt.de\/politik\/deutschland\/article208111543\/Mit-AfD-Hilfe-gewaehlt-SPD-Buergermeister-soll-aus-Partei-fliegen.html\">Welt, 20.05.<\/a>, \u21aa <a href=\"https:\/\/www.rnd.de\/politik\/klein-thuringen-im-aischgrund-wie-ein-spd-politiker-uber-afd-stolpern-konnte-YPGHHKK63T5ALQUJ3MFSD2S7IM.html\">RND, 21.05.<\/a>)<\/p>\n","protected":false},"excerpt":{"rendered":"<p>R\u00fcckl\u00e4ufige Proteste gegen die Pandemie-Eind\u00e4mmung, Wahltermin in Chemnitz, Rechtsstreit mit Lars Herrmann, neues Ratsmitglied in Lossatal, Macht in Pirna, Neubesetzung in Auerbach, Rostocker Kreisvorstand abgesetzt, weniger Befugnisse in Berlin, Abwahlantrag in Bayern, IfS wieder gemeinn\u00fctzig, s\u00e4chsische CDU gegen Rundfunkgeb\u00fchren-Erh\u00f6hung, B\u00fcrgermeister dank AfD-Stimme. Das war diese Woche wichtig:<\/p>\n","protected":false},"author":14643,"featured_media":1554,"comment_status":"closed","ping_status":"closed","sticky":false,"template":"","format":"standard","meta":{"footnotes":""},"categories":[6],"tags":[],"class_list":["post-1867","post","type-post","status-publish","format-standard","has-post-thumbnail","hentry","category-medien"],"_links":{"self":[{"href":"https:\/\/idas.noblogs.org\/index.php?rest_route=\/wp\/v2\/posts\/1867","targetHints":{"allow":["GET"]}}],"collection":[{"href":"https:\/\/idas.noblogs.org\/index.php?rest_route=\/wp\/v2\/posts"}],"about":[{"href":"https:\/\/idas.noblogs.org\/index.php?rest_route=\/wp\/v2\/types\/post"}],"author":[{"embeddable":true,"href":"https:\/\/idas.noblogs.org\/index.php?rest_route=\/wp\/v2\/users\/14643"}],"replies":[{"embeddable":true,"href":"https:\/\/idas.noblogs.org\/index.php?rest_route=%2Fwp%2Fv2%2Fcomments&post=1867"}],"version-history":[{"count":31,"href":"https:\/\/idas.noblogs.org\/index.php?rest_route=\/wp\/v2\/posts\/1867\/revisions"}],"predecessor-version":[{"id":1898,"href":"https:\/\/idas.noblogs.org\/index.php?rest_route=\/wp\/v2\/posts\/1867\/revisions\/1898"}],"wp:featuredmedia":[{"embeddable":true,"href":"https:\/\/idas.noblogs.org\/index.php?rest_route=\/wp\/v2\/media\/1554"}],"wp:attachment":[{"href":"https:\/\/idas.noblogs.org\/index.php?rest_route=%2Fwp%2Fv2%2Fmedia&parent=1867"}],"wp:term":[{"taxonomy":"category","embeddable":true,"href":"https:\/\/idas.noblogs.org\/index.php?rest_route=%2Fwp%2Fv2%2Fcategories&post=1867"},{"taxonomy":"post_tag","embeddable":true,"href":"https:\/\/idas.noblogs.org\/index.php?rest_route=%2Fwp%2Fv2%2Ftags&post=1867"}],"curies":[{"name":"wp","href":"https:\/\/api.w.org\/{rel}","templated":true}]}}