{"id":1607,"date":"2020-05-08T15:51:41","date_gmt":"2020-05-08T13:51:41","guid":{"rendered":"http:\/\/idas.noblogs.org\/?p=1607"},"modified":"2020-05-08T15:55:52","modified_gmt":"2020-05-08T13:55:52","slug":"obwohl-ich-nichts-gegen-juden-hab","status":"publish","type":"post","link":"https:\/\/idas.noblogs.org\/?p=1607","title":{"rendered":"&#8222;Obwohl ich nichts gegen Juden hab&#8220;"},"content":{"rendered":"<p>Vor laufender Kamera: Zwei AfD-Funktion\u00e4re und Mandatstr\u00e4ger aus der N\u00e4he von Leipzig haben sich eindeutig antisemitisch ge\u00e4u\u00dfert. Es ist nicht das erste Mal, dass ihr Kreisverband durch einschl\u00e4gige Statements auff\u00e4llt. Offenbar nutzen Teile der Partei die aktuellen Corona-Proteste, um eine judenfeindliche Hetzkampagne zu befeuern. Die Landespartei greift kaum ein \u2013 und distanziert sich nicht.<!--more--><\/p>\n<p align=\"center\"><span style=\"color: #1e73be\">\u2193<\/span><\/p>\n<h3><span style=\"color: #1e73be\">Nur eine &#8222;Meinung&#8220;?<\/span><\/h3>\n<p>Funktion\u00e4re des AfD-Kreisverbandes im Landkreis Leipzig haben sich erneut antisemitisch ge\u00e4u\u00dfert. Das geht aus Filmaufnahmen hervor, die das <a href=\"https:\/\/www.mdr.de\/investigativ\/exakt-corona-verschwoerung-impfgegner-102.html\">MDR-Magazin Exakt<\/a> (<a href=\"https:\/\/www.youtube.com\/watch?v=4iRQ5_8GcLE\">direkt zum Video<\/a>) am Mittwoch ausstrahlte. Gedreht hat das Fernsehteam unter anderem bei einer <a href=\"https:\/\/idas.noblogs.org\/?p=1507\">Kundgebung am 1. Mai in Borna<\/a> nahe Leipzig. Die Versammlung war durch den \u00f6rtlichen Kreisverband organisiert worden, der Vorsitzende Edgar Naujok hielt dort eine Rede vor kleinem Publikum. Thema war die Corona-Pandemie. Seit kurzem versucht die Partei, den <a href=\"https:\/\/idas.noblogs.org\/?p=1556\">Protest gegen die Eind\u00e4mmungsma\u00dfnahmen<\/a> zu kanalisieren.<\/p>\n<p>Daf\u00fcr machen sich Teile der AfD selbst abwegigste Verschw\u00f6rungserz\u00e4hlungen zu eigen. Bereits in der vergangenen Woche, im Vorfeld des Kundgebung, verbreitete der Kreisverband auf seiner Facebook-Seite einen <a href=\"https:\/\/idas.noblogs.org\/?p=1473\">wirren und offenbar selbst verfassten Artikel<\/a>, dem zufolge die Pandemie bewusst herbeigef\u00fchrt worden sei. Dahinter stehe ein geheimer Plan, wonach m\u00f6glichst viele Menschen infiziert werden sollen. Das legt der Beitrag nahe, der unkommentiert auch auf der offiziellen Website des AfD-Landesverbandes ver\u00f6ffentlicht wurde. Auf dem Partei-Portal &#8222;Blaue Landespost&#8220; war der Text sogar auf der Startseite zu sehen.<\/p>\n<p>Bei der Kundgebung in Borna wurde dazu der Landtagsabgeordnete J\u00f6rg Dornau befragt, ein Anh\u00e4nger des verfassungsfeindlichen Fl\u00fcgels, der zugleich stellvertretender Vorsitzender des Kreisverbandes ist. Dornau zufolge handle sich lediglich um eine &#8222;Meinung&#8220;. Man k\u00f6nne sie teilen, ohne sie zugleich zu unterst\u00fctzen, sagte er. Allerdings handelte es sich keineswegs um einen Meinungsbeitrag, sondern um &#8222;Informationen zum Thema&#8220;, wie es einleitend hie\u00df, also um \u2013 freilich falsche \u2013 Tatsachenbehauptungen. Pikant: Als Dornau die Ver\u00f6ffentlichung verteidigte, hatte der AfD-Landesvorstand bereits <a href=\"https:\/\/idas.noblogs.org\/?p=1592\">die L\u00f6schung des Beitrags angeordnet<\/a>. Er verschwand kurz darauf von allen Plattformen, ohne Kommentar \u2013 und ohne Distanzierung.<\/p>\n<h3><span style=\"color: #1e73be\">&#8222;Manche sagen, das Finanzjudentum\u2026&#8220;<\/span><\/h3>\n<p>Am Rand der Bornaer Kundgebung befragte der MDR mit versteckter Kamera zwei Mitglieder des AfD-Kreisvorstandes nach ihrer Meinung. Beide Personen, die verfremdet und mit nachgesprochenen Stimmen gezeigt werden, gaben bereitwillig Auskunft. &#8222;Wer steuert denn alles? Von wem wird zum Beispiel das Robert-Koch-Institut finanziert?&#8220;, wollte einer der M\u00e4nner wissen, um gleich selbst eine Antwort zu geben: &#8222;Von Soros, das ist der reichste Mann, das ist so eine Clique. Da ist auch der Bill Gates mit dabei. Bill Gates, Soros, und wie sie alle hei\u00dfen, Rothschild.&#8220;<\/p>\n<p>Mit George Soros spielt er auf eine zentrale Hassfigur der modernen antisemitischen Propaganda an. Der Microsoft-Gr\u00fcnder Bill Gates wiederum taucht in allen derzeit g\u00e4ngigen Verschw\u00f6rungserz\u00e4hlungen zum Corona-Virus auf. Ihm wird unter anderem unterstellt, das Ziel einer &#8222;Bev\u00f6lkerungsreduktion&#8220; zu verfolgen. Er wird zudem mit angeblich geplanten Zwangsimpfungen in Zusammenhang gebracht, auf die sich die aktuellen Corona-Proteste fast durchg\u00e4ngig beziehen.<\/p>\n<p>Auch der gel\u00f6schte Beitrag des Kreisverbandes hatte ausdr\u00fccklich auf die Rolle Gates&#8216; hingewiesen. Die Bankiers-Familie Rothschild schlie\u00dflich ist bereits seit dem 19. Jahrhundert fester Bestandteil der judenfeindlichen Agitation. Der Name wird h\u00e4ufig mit einer angeblichen Weltverschw\u00f6rung in Verbindung gebracht. Genau diese Verbindung zieht der zweite Mann ausdr\u00fccklich, zu den vermeintlichen Urhebern der Pandemie sagt er: &#8222;Manche sagen, das Finanzjudentum, Rothschild und Co. 90 Prozent der amerikanischen Finanzen oder weltweiten Finanzen haben die Juden&#8220;, so die Behauptung. Dahinter stehe das Interesse an &#8222;Weltmacht&#8220;. Im gleichen Atemzug behauptet er, dass er &#8222;nichts gegen die Juden&#8220; habe.<\/p>\n<h3><span style=\"color: #1e73be\">Nicht der erste Fall<\/span><\/h3>\n<p>Das sind keine abseitigen Einw\u00fcrfe zuf\u00e4lliger Zaung\u00e4ste. Anhand von Vergleichsaufnahmen kann geschlossen werden, um wen es sich bei den beiden Antisemiten mutma\u00dflich handelt: Sie hei\u00dfen <strong>Rainer Kanthack<\/strong> und <strong>Matthias Heinich<\/strong>, fungieren im Kreisvorstand als Schatzmeister und &#8222;Sicherheitsbeauftragter&#8220;. Kanthack, der f\u00fcr die Deutsche Bahn arbeitet, sitzt seit Ende 2017 im Kreisvorstand, seit vergangenem Jahr ist er f\u00fcr die AfD Gemeinderatsmitglied in Gro\u00dfp\u00f6sna. Der Forstwirt Heinich ist stellvertretender Vorsitzender der AfD-Fraktion im Stadtrat von Frohburg. Beide sind zudem Nachr\u00fccker f\u00fcr die AfD-Kreistagsfraktion im Landkreis Leipzig.<\/p>\n<p>Der AfD-Kreisverband war schon fr\u00fcher mit antisemitischen \u00c4u\u00dferungen aufgefallen. So wurde im Februar auf der zugeh\u00f6rigen Facebook-Seite <a href=\"https:\/\/idas.noblogs.org\/?p=470\">ein judenfeindliches Video verlinkt<\/a> und ausdr\u00fccklich zum Anschauen empfohlen. Darin wird der th\u00fcringische Ministerpr\u00e4sident Bodo Ramelow zum Teil einer &#8222;Illuminaten-Freimaurer-Verbindung&#8220; und einer angeblichen Weltverschw\u00f6rung erkl\u00e4rt. Auch in diesem Zusammenhang wird eine Verbindung zur Rothschild-Familie behauptet. Das Video, das keinerlei Belege enth\u00e4lt, wurde damals gel\u00f6scht, nachdem unter anderem <i>idas<\/i> dar\u00fcber berichtet hatte. Schon damals hat sich die Partei jedoch nicht distanziert.<\/p>\n<p>Verantwortlich f\u00fcr die Medienarbeit des Kreisverbandes und deren Facebook-Seite ist Torsten Klemmer. Auch er ist Mitglied im Vorstand, fungiert dort als &#8222;Medien- und Mitgliederbeauftragter&#8220;. Er ist Fl\u00fcgel-Anh\u00e4nger, genau wie Dornau. Beide sitzen gemeinsam im Stadtrat von R\u00f6tha.<\/p>\n","protected":false},"excerpt":{"rendered":"<p>Vor laufender Kamera: Zwei AfD-Funktion\u00e4re und Mandatstr\u00e4ger aus der N\u00e4he von Leipzig haben sich eindeutig antisemitisch ge\u00e4u\u00dfert. Es ist nicht das erste Mal, dass ihr Kreisverband durch einschl\u00e4gige Statements auff\u00e4llt. Offenbar nutzen Teile der Partei die aktuellen Corona-Proteste, um eine judenfeindliche Hetzkampagne zu befeuern. Die Landespartei greift kaum ein \u2013 und distanziert sich nicht.<\/p>\n","protected":false},"author":14643,"featured_media":1606,"comment_status":"closed","ping_status":"closed","sticky":false,"template":"","format":"standard","meta":{"footnotes":""},"categories":[1],"tags":[],"class_list":["post-1607","post","type-post","status-publish","format-standard","has-post-thumbnail","hentry","category-aktuelles"],"_links":{"self":[{"href":"https:\/\/idas.noblogs.org\/index.php?rest_route=\/wp\/v2\/posts\/1607","targetHints":{"allow":["GET"]}}],"collection":[{"href":"https:\/\/idas.noblogs.org\/index.php?rest_route=\/wp\/v2\/posts"}],"about":[{"href":"https:\/\/idas.noblogs.org\/index.php?rest_route=\/wp\/v2\/types\/post"}],"author":[{"embeddable":true,"href":"https:\/\/idas.noblogs.org\/index.php?rest_route=\/wp\/v2\/users\/14643"}],"replies":[{"embeddable":true,"href":"https:\/\/idas.noblogs.org\/index.php?rest_route=%2Fwp%2Fv2%2Fcomments&post=1607"}],"version-history":[{"count":20,"href":"https:\/\/idas.noblogs.org\/index.php?rest_route=\/wp\/v2\/posts\/1607\/revisions"}],"predecessor-version":[{"id":1627,"href":"https:\/\/idas.noblogs.org\/index.php?rest_route=\/wp\/v2\/posts\/1607\/revisions\/1627"}],"wp:featuredmedia":[{"embeddable":true,"href":"https:\/\/idas.noblogs.org\/index.php?rest_route=\/wp\/v2\/media\/1606"}],"wp:attachment":[{"href":"https:\/\/idas.noblogs.org\/index.php?rest_route=%2Fwp%2Fv2%2Fmedia&parent=1607"}],"wp:term":[{"taxonomy":"category","embeddable":true,"href":"https:\/\/idas.noblogs.org\/index.php?rest_route=%2Fwp%2Fv2%2Fcategories&post=1607"},{"taxonomy":"post_tag","embeddable":true,"href":"https:\/\/idas.noblogs.org\/index.php?rest_route=%2Fwp%2Fv2%2Ftags&post=1607"}],"curies":[{"name":"wp","href":"https:\/\/api.w.org\/{rel}","templated":true}]}}