{"id":105,"date":"2020-01-16T12:54:45","date_gmt":"2020-01-16T11:54:45","guid":{"rendered":"http:\/\/idas.noblogs.org\/?p=105"},"modified":"2020-01-29T17:49:54","modified_gmt":"2020-01-29T16:49:54","slug":"afd-fraktion-leitet-kuenftig-vier-landtagsausschuesse","status":"publish","type":"post","link":"https:\/\/idas.noblogs.org\/?p=105","title":{"rendered":"AfD-Abgeordnete leiten vier Landtagsaussch\u00fcsse"},"content":{"rendered":"<p>Abgeordnete der AfD werden k\u00fcnftig vier st\u00e4ndige Aussch\u00fcsse des S\u00e4chsischen Landtages leiten. Andr\u00e9 Barth (Dippldiswalde) wurde durch seine Fraktion als Vorsitzender des erstmals eingerichteten Regionalausschusses benannt. Ferner \u00fcbernehmen die Landtagsneulinge Christopher Hahn (Zwickau), Holger Hentschel und Roland Ulbrich (beide aus Leipzig) den Vorsitz der Ausch\u00fcsse f\u00fcr Schule und Bildung, f\u00fcr Haushalt und Finanzen bzw. f\u00fcr Immunit\u00e4tsangelegenheiten. In vier weiteren Aussch\u00fcssen f\u00e4llt AfD-Abgeordneten die stellvertretende Leitung zu.<!--more--><\/p>\n<p align=\"center\"><span style=\"color: #3366ff\">\u2193<\/span><\/p>\n<p>Damit kontrolliert die AfD ebenso viele Aussch\u00fcsse wie die CDU. Die Zahl der Posten orientiert sich an der St\u00e4rke der Fraktionen im Parlament. In der vergangenen Wahlperiode konnte die noch deutlich schw\u00e4chere AfD nur den Sozialausschusses leiten. Der damalige Vorsitzende Andr\u00e9 Wendt wurde nach der Landtagswahl, bei der er erneut ins Parlament einzog, Landtagsvizepr\u00e4sident.<\/p>\n<p>Zur\u00fcckliegend konzentrierte sich die AfD im Landtag vor allem auf den Innen- und den Sozialausschuss. Die regul\u00e4ren Beratungssitzungen sind zwar intern. Jedoch nutzte die Fraktion dutzende \u00f6ffentlichen Anh\u00f6rungen zu einzelnen Antr\u00e4gen und Gesetzentw\u00fcrfen, um ihnen gewogene Sachverst\u00e4ndige zu laden. Dabei handelte es sich \u00fcberwiegend um Anh\u00e4nger*innen der eigenen Partei.<\/p>\n<p>Dar\u00fcber hinaus erhielten neben Impfgegnern und Klimaskeptikern unter anderem die Antifeministin Birgit Kelle, der rechte Publizist Michael Klonovsky, die sogenannte B\u00fcrgerrechtlerin Vera Lengsfeld, der &#8222;Islamkritiker&#8220; Imad Karim sowie der Staatsrechtler Karl Albrecht Schachtschneider eine B\u00fchne. Schachtschneider war fr\u00fcher bereits durch die NPD-Fraktion als Sachverst\u00e4ndiger herangezogen worden.<\/p>\n","protected":false},"excerpt":{"rendered":"<p>Abgeordnete der AfD werden k\u00fcnftig vier st\u00e4ndige Aussch\u00fcsse des S\u00e4chsischen Landtages leiten. Andr\u00e9 Barth (Dippldiswalde) wurde durch seine Fraktion als Vorsitzender des erstmals eingerichteten Regionalausschusses benannt. Ferner \u00fcbernehmen die Landtagsneulinge Christopher Hahn (Zwickau), Holger Hentschel und Roland Ulbrich (beide aus Leipzig) den Vorsitz der Ausch\u00fcsse f\u00fcr Schule und Bildung, f\u00fcr Haushalt und Finanzen bzw. f\u00fcr &hellip; <a href=\"https:\/\/idas.noblogs.org\/?p=105\" class=\"more-link\"><span class=\"screen-reader-text\">AfD-Abgeordnete leiten vier Landtagsaussch\u00fcsse<\/span> weiterlesen<\/a><\/p>\n","protected":false},"author":14643,"featured_media":0,"comment_status":"closed","ping_status":"closed","sticky":false,"template":"","format":"standard","meta":{"footnotes":""},"categories":[11],"tags":[],"class_list":["post-105","post","type-post","status-publish","format-standard","hentry","category-landtagsreport"],"_links":{"self":[{"href":"https:\/\/idas.noblogs.org\/index.php?rest_route=\/wp\/v2\/posts\/105","targetHints":{"allow":["GET"]}}],"collection":[{"href":"https:\/\/idas.noblogs.org\/index.php?rest_route=\/wp\/v2\/posts"}],"about":[{"href":"https:\/\/idas.noblogs.org\/index.php?rest_route=\/wp\/v2\/types\/post"}],"author":[{"embeddable":true,"href":"https:\/\/idas.noblogs.org\/index.php?rest_route=\/wp\/v2\/users\/14643"}],"replies":[{"embeddable":true,"href":"https:\/\/idas.noblogs.org\/index.php?rest_route=%2Fwp%2Fv2%2Fcomments&post=105"}],"version-history":[{"count":9,"href":"https:\/\/idas.noblogs.org\/index.php?rest_route=\/wp\/v2\/posts\/105\/revisions"}],"predecessor-version":[{"id":114,"href":"https:\/\/idas.noblogs.org\/index.php?rest_route=\/wp\/v2\/posts\/105\/revisions\/114"}],"wp:attachment":[{"href":"https:\/\/idas.noblogs.org\/index.php?rest_route=%2Fwp%2Fv2%2Fmedia&parent=105"}],"wp:term":[{"taxonomy":"category","embeddable":true,"href":"https:\/\/idas.noblogs.org\/index.php?rest_route=%2Fwp%2Fv2%2Fcategories&post=105"},{"taxonomy":"post_tag","embeddable":true,"href":"https:\/\/idas.noblogs.org\/index.php?rest_route=%2Fwp%2Fv2%2Ftags&post=105"}],"curies":[{"name":"wp","href":"https:\/\/api.w.org\/{rel}","templated":true}]}}